{"id":7138,"date":"2014-11-18T16:28:34","date_gmt":"2014-11-18T18:28:34","guid":{"rendered":"https:\/\/wp.ufpel.edu.br\/progep\/?p=7138"},"modified":"2014-11-18T16:29:40","modified_gmt":"2014-11-18T18:29:40","slug":"liberacao-de-horario-evento-para-servidores","status":"publish","type":"post","link":"https:\/\/wp.ufpel.edu.br\/progep\/2014\/11\/18\/liberacao-de-horario-evento-para-servidores\/","title":{"rendered":"Libera\u00e7\u00e3o de hor\u00e1rios &#8211; Evento para Servidores"},"content":{"rendered":"<p style=\"text-align: justify\"><span style=\"font-family: georgia, palatino;font-size: 12pt\">A Pr\u00f3-Reitoria de Gest\u00e3o de Pessoas \u2013 PROGEP \u00a0&#8211; recomenda \u00e0s chefias dos servidores inscritos no I ENCONTRO DE DESENVOLVIMENTO DOS SERVIDORES DA UFPEL que, salvo por raz\u00f5es de extrema e inadi\u00e1vel necessidade, proporcionem \u00a0libera\u00e7\u00e3o para a participa\u00e7\u00e3o nessa a\u00e7\u00e3o de capacita\u00e7\u00e3o. <\/span><\/p>\n<p style=\"text-align: justify\"><span style=\"font-family: georgia, palatino;font-size: 12pt\">Os hor\u00e1rios de comparecimento ser\u00e3o considerados de efetivo cumprimento da jornada di\u00e1ria de trabalho.<\/span><\/p>\n<p style=\"text-align: justify\"><span style=\"font-family: georgia, palatino;font-size: 12pt\">O evento ter\u00e1 in\u00edcio \u00e0s 13h do dia 24\/11, segunda-feira, estendendo-se \u00e0s manh\u00e3s e tardes dos dias 25\/11 e 26\/11.\u00a0<\/span><\/p>\n<p style=\"text-align: justify\"><span style=\"font-family: georgia, palatino;font-size: 12pt\">A cada turno, ser\u00e3o disponibilizados comprovantes de comparecimento aos servidores.<\/span><\/p>\n","protected":false},"excerpt":{"rendered":"<p>A Pr\u00f3-Reitoria de Gest\u00e3o de Pessoas \u2013 PROGEP \u00a0&#8211; recomenda \u00e0s chefias dos servidores inscritos no I ENCONTRO DE DESENVOLVIMENTO DOS SERVIDORES DA UFPEL que, salvo por raz\u00f5es de extrema e inadi\u00e1vel necessidade, proporcionem \u00a0libera\u00e7\u00e3o para a participa\u00e7\u00e3o nessa a\u00e7\u00e3o de capacita\u00e7\u00e3o. Os hor\u00e1rios de comparecimento ser\u00e3o considerados de efetivo cumprimento da jornada di\u00e1ria de [&hellip;]<\/p>\n","protected":false},"author":21,"featured_media":0,"comment_status":"closed","ping_status":"closed","sticky":false,"template":"","format":"standard","meta":{"footnotes":""},"categories":[1],"tags":[],"class_list":["post-7138","post","type-post","status-publish","format-standard","hentry","category-noticias"],"jetpack_featured_media_url":"","_links":{"self":[{"href":"https:\/\/wp.ufpel.edu.br\/progep\/wp-json\/wp\/v2\/posts\/7138","targetHints":{"allow":["GET"]}}],"collection":[{"href":"https:\/\/wp.ufpel.edu.br\/progep\/wp-json\/wp\/v2\/posts"}],"about":[{"href":"https:\/\/wp.ufpel.edu.br\/progep\/wp-json\/wp\/v2\/types\/post"}],"author":[{"embeddable":true,"href":"https:\/\/wp.ufpel.edu.br\/progep\/wp-json\/wp\/v2\/users\/21"}],"replies":[{"embeddable":true,"href":"https:\/\/wp.ufpel.edu.br\/progep\/wp-json\/wp\/v2\/comments?post=7138"}],"version-history":[{"count":2,"href":"https:\/\/wp.ufpel.edu.br\/progep\/wp-json\/wp\/v2\/posts\/7138\/revisions"}],"predecessor-version":[{"id":7140,"href":"https:\/\/wp.ufpel.edu.br\/progep\/wp-json\/wp\/v2\/posts\/7138\/revisions\/7140"}],"wp:attachment":[{"href":"https:\/\/wp.ufpel.edu.br\/progep\/wp-json\/wp\/v2\/media?parent=7138"}],"wp:term":[{"taxonomy":"category","embeddable":true,"href":"https:\/\/wp.ufpel.edu.br\/progep\/wp-json\/wp\/v2\/categories?post=7138"},{"taxonomy":"post_tag","embeddable":true,"href":"https:\/\/wp.ufpel.edu.br\/progep\/wp-json\/wp\/v2\/tags?post=7138"}],"curies":[{"name":"wp","href":"https:\/\/api.w.org\/{rel}","templated":true}]}}