{"id":7121,"date":"2014-11-13T09:53:52","date_gmt":"2014-11-13T11:53:52","guid":{"rendered":"https:\/\/wp.ufpel.edu.br\/progep\/?p=7121"},"modified":"2014-11-13T10:04:04","modified_gmt":"2014-11-13T12:04:04","slug":"cdp-alerta-sobre-planos-plurianuais-de-capacitacao-das-unidades","status":"publish","type":"post","link":"https:\/\/wp.ufpel.edu.br\/progep\/2014\/11\/13\/cdp-alerta-sobre-planos-plurianuais-de-capacitacao-das-unidades\/","title":{"rendered":"CDP alerta sobre Planos Plurianuais de Capacita\u00e7\u00e3o das Unidades"},"content":{"rendered":"<p style=\"text-align: justify\">A Coordena\u00e7\u00e3o de Desenvolvimento de Pessoal \u2013 PROGEP \u00a0recomenda aten\u00e7\u00e3o especial \u00e0 necessidade de elabora\u00e7\u00e3o\/atualiza\u00e7\u00e3o do Plano Plurianual de Capacita\u00e7\u00e3o, exigido nas concess\u00f5es de afastamentos de servidores para P\u00f3s-Gradua\u00e7\u00e3o e P\u00f3s-Doutorado.<\/p>\n<p style=\"text-align: justify\">Al\u00e9m de se constituir em instrumento promotor de participa\u00e7\u00e3o do grupo de trabalho na programa\u00e7\u00e3o interna de oportunidades de qualifica\u00e7\u00e3o, o documento \u00e9 imprescind\u00edvel para amparar decis\u00f5es nos pedidos dos servidores nas Unidades, assim como subsidiar a an\u00e1lise nas concess\u00f5es de Afastamentos para P\u00f3s-Gradua\u00e7\u00e3o e P\u00f3s-Doutorado nesta Coordena\u00e7\u00e3o.<\/p>\n<p style=\"text-align: justify\">Faz-se importante esclarecer que o planejamento deve, separadamente, \u00a0contemplar \u00a0interesses\/expectativas de docentes e de t\u00e9cnico-administrativos, tendo em vista proporcionar, de forma equ\u00e2nime, o desenvolvimento nas respectivas carreiras.<\/p>\n<p style=\"text-align: justify\">Informamos, tamb\u00e9m, \u00a0que c\u00f3pias dos Planos somente ser\u00e3o encaminhadas \u00e0 CDP quando fizerem parte da documenta\u00e7\u00e3o a ser apresentada por servidor em sua demanda de afastamento. Sobre o modelo do documento e crit\u00e9rios adotados em sua elabora\u00e7\u00e3o, ser\u00e3o estabelecidos na pr\u00f3pria Unidade.<\/p>\n","protected":false},"excerpt":{"rendered":"<p>A Coordena\u00e7\u00e3o de Desenvolvimento de Pessoal \u2013 PROGEP \u00a0recomenda aten\u00e7\u00e3o especial \u00e0 necessidade de elabora\u00e7\u00e3o\/atualiza\u00e7\u00e3o do Plano Plurianual de Capacita\u00e7\u00e3o, exigido nas concess\u00f5es de afastamentos de servidores para P\u00f3s-Gradua\u00e7\u00e3o e P\u00f3s-Doutorado. Al\u00e9m de se constituir em instrumento promotor de participa\u00e7\u00e3o do grupo de trabalho na programa\u00e7\u00e3o interna de oportunidades de qualifica\u00e7\u00e3o, o documento \u00e9 imprescind\u00edvel [&hellip;]<\/p>\n","protected":false},"author":21,"featured_media":0,"comment_status":"closed","ping_status":"closed","sticky":false,"template":"","format":"standard","meta":{"footnotes":""},"categories":[1],"tags":[],"class_list":["post-7121","post","type-post","status-publish","format-standard","hentry","category-noticias"],"jetpack_featured_media_url":"","_links":{"self":[{"href":"https:\/\/wp.ufpel.edu.br\/progep\/wp-json\/wp\/v2\/posts\/7121","targetHints":{"allow":["GET"]}}],"collection":[{"href":"https:\/\/wp.ufpel.edu.br\/progep\/wp-json\/wp\/v2\/posts"}],"about":[{"href":"https:\/\/wp.ufpel.edu.br\/progep\/wp-json\/wp\/v2\/types\/post"}],"author":[{"embeddable":true,"href":"https:\/\/wp.ufpel.edu.br\/progep\/wp-json\/wp\/v2\/users\/21"}],"replies":[{"embeddable":true,"href":"https:\/\/wp.ufpel.edu.br\/progep\/wp-json\/wp\/v2\/comments?post=7121"}],"version-history":[{"count":4,"href":"https:\/\/wp.ufpel.edu.br\/progep\/wp-json\/wp\/v2\/posts\/7121\/revisions"}],"predecessor-version":[{"id":7126,"href":"https:\/\/wp.ufpel.edu.br\/progep\/wp-json\/wp\/v2\/posts\/7121\/revisions\/7126"}],"wp:attachment":[{"href":"https:\/\/wp.ufpel.edu.br\/progep\/wp-json\/wp\/v2\/media?parent=7121"}],"wp:term":[{"taxonomy":"category","embeddable":true,"href":"https:\/\/wp.ufpel.edu.br\/progep\/wp-json\/wp\/v2\/categories?post=7121"},{"taxonomy":"post_tag","embeddable":true,"href":"https:\/\/wp.ufpel.edu.br\/progep\/wp-json\/wp\/v2\/tags?post=7121"}],"curies":[{"name":"wp","href":"https:\/\/api.w.org\/{rel}","templated":true}]}}