{"id":7079,"date":"2014-11-07T18:37:27","date_gmt":"2014-11-07T20:37:27","guid":{"rendered":"https:\/\/wp.ufpel.edu.br\/progep\/?p=7079"},"modified":"2022-09-26T21:18:39","modified_gmt":"2022-09-27T00:18:39","slug":"programacao-de-ferias-2015","status":"publish","type":"post","link":"https:\/\/wp.ufpel.edu.br\/progep\/2014\/11\/07\/programacao-de-ferias-2015\/","title":{"rendered":"Programa\u00e7\u00e3o de F\u00e9rias &#8211; 2015"},"content":{"rendered":"<p>A Pr\u00f3-Reitoria de Gest\u00e3o de Pessoas, atrav\u00e9s <span style=\"color: #0000ff\"><a style=\"color: #0000ff\" href=\"https:\/\/wp.ufpel.edu.br\/progep\/files\/2014\/11\/Memorando-Circular-no-13_2014.pdf\">Memorando Circular n\u00ba 13\/2014<\/a>\u00a0<\/span>\u00a0informa\u00a0os procedimentos\u00a0a serem adotados para realiza\u00e7\u00e3o das solicita\u00e7\u00f5es de f\u00e9rias, para usufruto durante o ano de 2015.<\/p>\n","protected":false},"excerpt":{"rendered":"<p>A Pr\u00f3-Reitoria de Gest\u00e3o de Pessoas, atrav\u00e9s Memorando Circular n\u00ba 13\/2014\u00a0\u00a0informa\u00a0os procedimentos\u00a0a serem adotados para realiza\u00e7\u00e3o das solicita\u00e7\u00f5es de f\u00e9rias, para usufruto durante o ano de 2015.<\/p>\n","protected":false},"author":52,"featured_media":0,"comment_status":"closed","ping_status":"closed","sticky":false,"template":"","format":"standard","meta":{"footnotes":""},"categories":[1],"tags":[],"class_list":["post-7079","post","type-post","status-publish","format-standard","hentry","category-noticias"],"jetpack_featured_media_url":"","_links":{"self":[{"href":"https:\/\/wp.ufpel.edu.br\/progep\/wp-json\/wp\/v2\/posts\/7079","targetHints":{"allow":["GET"]}}],"collection":[{"href":"https:\/\/wp.ufpel.edu.br\/progep\/wp-json\/wp\/v2\/posts"}],"about":[{"href":"https:\/\/wp.ufpel.edu.br\/progep\/wp-json\/wp\/v2\/types\/post"}],"author":[{"embeddable":true,"href":"https:\/\/wp.ufpel.edu.br\/progep\/wp-json\/wp\/v2\/users\/52"}],"replies":[{"embeddable":true,"href":"https:\/\/wp.ufpel.edu.br\/progep\/wp-json\/wp\/v2\/comments?post=7079"}],"version-history":[{"count":3,"href":"https:\/\/wp.ufpel.edu.br\/progep\/wp-json\/wp\/v2\/posts\/7079\/revisions"}],"predecessor-version":[{"id":7083,"href":"https:\/\/wp.ufpel.edu.br\/progep\/wp-json\/wp\/v2\/posts\/7079\/revisions\/7083"}],"wp:attachment":[{"href":"https:\/\/wp.ufpel.edu.br\/progep\/wp-json\/wp\/v2\/media?parent=7079"}],"wp:term":[{"taxonomy":"category","embeddable":true,"href":"https:\/\/wp.ufpel.edu.br\/progep\/wp-json\/wp\/v2\/categories?post=7079"},{"taxonomy":"post_tag","embeddable":true,"href":"https:\/\/wp.ufpel.edu.br\/progep\/wp-json\/wp\/v2\/tags?post=7079"}],"curies":[{"name":"wp","href":"https:\/\/api.w.org\/{rel}","templated":true}]}}