{"id":7072,"date":"2014-11-06T09:20:31","date_gmt":"2014-11-06T11:20:31","guid":{"rendered":"https:\/\/wp.ufpel.edu.br\/progep\/?p=7072"},"modified":"2014-11-06T09:35:48","modified_gmt":"2014-11-06T11:35:48","slug":"capacitacao-em-ead","status":"publish","type":"post","link":"https:\/\/wp.ufpel.edu.br\/progep\/2014\/11\/06\/capacitacao-em-ead\/","title":{"rendered":"Capacita\u00e7\u00e3o em Inclus\u00e3o Digital (EAD)"},"content":{"rendered":"<p style=\"text-align: justify\"><span style=\"font-size: 12pt\">O Censo Demogr\u00e1fico de 2010 identificou que 24% da popula\u00e7\u00e3o brasileira t\u00eam algum tipo de defici\u00eancia mental, motora, visual ou auditiva. Aliar a inclus\u00e3o social com a inclus\u00e3o digital pode ser o caminho para a solu\u00e7\u00e3o do problema.\u00a0<\/span><\/p>\n<p><span style=\"font-size: 12pt\"> Com base nessa realidade, o Minist\u00e9rio do Planejamento est\u00e1 disponibilizando cursos em que os participantes poder\u00e3o aprender a levar informa\u00e7\u00f5es e formatos acess\u00edveis a um p\u00fablico importante, al\u00e9m de facilitar o uso da Internet.\u00a0<\/span><\/p>\n<p><span style=\"font-size: 12pt\"> A utiliza\u00e7\u00e3o correta da ferramenta eletr\u00f4nica pode auxiliar na constru\u00e7\u00e3o de s\u00edtios, na publica\u00e7\u00e3o de conte\u00fados digitais e ainda na participa\u00e7\u00e3o de projetos dessa natureza.<\/span><\/p>\n<p><strong><span style=\"font-size: 12pt\"> Servidor da UFPel! Conhe\u00e7a as propostas de capacita\u00e7\u00e3o. Introduza esse conhecimento em sua pr\u00e1tica profissional e colabore na dissemina\u00e7\u00e3o da cultura da inclus\u00e3o e acessibilidade em nossa Universidade!<\/span><\/strong><\/p>\n<p><span style=\"font-size: 12pt\">\u00a0Conhe\u00e7a os cursos dispon\u00edveis nos endere\u00e7os abaixo:\u00a0<\/span><\/p>\n<p><span style=\"font-size: 12pt\"><a href=\"http:\/\/emag.governoeletronico.gov.br\/cursodesenvolvedor\/\">http:\/\/emag.governoeletronico.gov.br\/cursodesenvolvedor\/<\/a><\/span><\/p>\n<p><span style=\"font-size: 12pt\"> <a href=\"http:\/\/emag.governoeletronico.gov.br\/cursoconteudista\/\">http:\/\/emag.governoeletronico.gov.br\/cursoconteudista\/<\/a><\/span><\/p>\n<p>&nbsp;<\/p>\n","protected":false},"excerpt":{"rendered":"<p>O Censo Demogr\u00e1fico de 2010 identificou que 24% da popula\u00e7\u00e3o brasileira t\u00eam algum tipo de defici\u00eancia mental, motora, visual ou auditiva. Aliar a inclus\u00e3o social com a inclus\u00e3o digital pode ser o caminho para a solu\u00e7\u00e3o do problema.\u00a0 Com base nessa realidade, o Minist\u00e9rio do Planejamento est\u00e1 disponibilizando cursos em que os participantes poder\u00e3o aprender [&hellip;]<\/p>\n","protected":false},"author":21,"featured_media":0,"comment_status":"closed","ping_status":"closed","sticky":false,"template":"","format":"standard","meta":{"footnotes":""},"categories":[1],"tags":[],"class_list":["post-7072","post","type-post","status-publish","format-standard","hentry","category-noticias"],"jetpack_featured_media_url":"","_links":{"self":[{"href":"https:\/\/wp.ufpel.edu.br\/progep\/wp-json\/wp\/v2\/posts\/7072","targetHints":{"allow":["GET"]}}],"collection":[{"href":"https:\/\/wp.ufpel.edu.br\/progep\/wp-json\/wp\/v2\/posts"}],"about":[{"href":"https:\/\/wp.ufpel.edu.br\/progep\/wp-json\/wp\/v2\/types\/post"}],"author":[{"embeddable":true,"href":"https:\/\/wp.ufpel.edu.br\/progep\/wp-json\/wp\/v2\/users\/21"}],"replies":[{"embeddable":true,"href":"https:\/\/wp.ufpel.edu.br\/progep\/wp-json\/wp\/v2\/comments?post=7072"}],"version-history":[{"count":4,"href":"https:\/\/wp.ufpel.edu.br\/progep\/wp-json\/wp\/v2\/posts\/7072\/revisions"}],"predecessor-version":[{"id":7076,"href":"https:\/\/wp.ufpel.edu.br\/progep\/wp-json\/wp\/v2\/posts\/7072\/revisions\/7076"}],"wp:attachment":[{"href":"https:\/\/wp.ufpel.edu.br\/progep\/wp-json\/wp\/v2\/media?parent=7072"}],"wp:term":[{"taxonomy":"category","embeddable":true,"href":"https:\/\/wp.ufpel.edu.br\/progep\/wp-json\/wp\/v2\/categories?post=7072"},{"taxonomy":"post_tag","embeddable":true,"href":"https:\/\/wp.ufpel.edu.br\/progep\/wp-json\/wp\/v2\/tags?post=7072"}],"curies":[{"name":"wp","href":"https:\/\/api.w.org\/{rel}","templated":true}]}}