{"id":6966,"date":"2014-10-14T17:58:10","date_gmt":"2014-10-14T20:58:10","guid":{"rendered":"https:\/\/wp.ufpel.edu.br\/progep\/?p=6966"},"modified":"2014-10-14T18:18:59","modified_gmt":"2014-10-14T21:18:59","slug":"custeio-de-acoes-externas-de-capacitacao","status":"publish","type":"post","link":"https:\/\/wp.ufpel.edu.br\/progep\/2014\/10\/14\/custeio-de-acoes-externas-de-capacitacao\/","title":{"rendered":"Aviso CDP &#8211; custeio de a\u00e7\u00f5es externas de capacita\u00e7\u00e3o"},"content":{"rendered":"<p>A Coordena\u00e7\u00e3o\u00a0 de\u00a0 Desenvolvimento de Pessoal\u00a0 informa que\u00a0 o\u00a0 prazo\u00a0 final para apresenta\u00e7\u00e3o de propostas de custeio de a\u00e7\u00f5es externas de capacita\u00e7\u00e3o de servidores ser\u00e1, impreterivelmente, at\u00e9\u00a0 <strong>31 de outubro de 2014<\/strong>, em\u00a0 respeito\u00a0 ao\u00a0 prazos legais\u00a0 de\u00a0 encerramento de\u00a0 exerc\u00edcio estipulados\u00a0 no\u00a0 Memorando Circular PROPLAN n\u00ba 003\/2014.<\/p>\n","protected":false},"excerpt":{"rendered":"<p>A Coordena\u00e7\u00e3o\u00a0 de\u00a0 Desenvolvimento de Pessoal\u00a0 informa que\u00a0 o\u00a0 prazo\u00a0 final para apresenta\u00e7\u00e3o de propostas de custeio de a\u00e7\u00f5es externas de capacita\u00e7\u00e3o de servidores ser\u00e1, impreterivelmente, at\u00e9\u00a0 31 de outubro de 2014, em\u00a0 respeito\u00a0 ao\u00a0 prazos legais\u00a0 de\u00a0 encerramento de\u00a0 exerc\u00edcio estipulados\u00a0 no\u00a0 Memorando Circular PROPLAN n\u00ba 003\/2014.<\/p>\n","protected":false},"author":21,"featured_media":0,"comment_status":"closed","ping_status":"closed","sticky":false,"template":"","format":"standard","meta":{"footnotes":""},"categories":[1],"tags":[],"class_list":["post-6966","post","type-post","status-publish","format-standard","hentry","category-noticias"],"jetpack_featured_media_url":"","_links":{"self":[{"href":"https:\/\/wp.ufpel.edu.br\/progep\/wp-json\/wp\/v2\/posts\/6966","targetHints":{"allow":["GET"]}}],"collection":[{"href":"https:\/\/wp.ufpel.edu.br\/progep\/wp-json\/wp\/v2\/posts"}],"about":[{"href":"https:\/\/wp.ufpel.edu.br\/progep\/wp-json\/wp\/v2\/types\/post"}],"author":[{"embeddable":true,"href":"https:\/\/wp.ufpel.edu.br\/progep\/wp-json\/wp\/v2\/users\/21"}],"replies":[{"embeddable":true,"href":"https:\/\/wp.ufpel.edu.br\/progep\/wp-json\/wp\/v2\/comments?post=6966"}],"version-history":[{"count":5,"href":"https:\/\/wp.ufpel.edu.br\/progep\/wp-json\/wp\/v2\/posts\/6966\/revisions"}],"predecessor-version":[{"id":6971,"href":"https:\/\/wp.ufpel.edu.br\/progep\/wp-json\/wp\/v2\/posts\/6966\/revisions\/6971"}],"wp:attachment":[{"href":"https:\/\/wp.ufpel.edu.br\/progep\/wp-json\/wp\/v2\/media?parent=6966"}],"wp:term":[{"taxonomy":"category","embeddable":true,"href":"https:\/\/wp.ufpel.edu.br\/progep\/wp-json\/wp\/v2\/categories?post=6966"},{"taxonomy":"post_tag","embeddable":true,"href":"https:\/\/wp.ufpel.edu.br\/progep\/wp-json\/wp\/v2\/tags?post=6966"}],"curies":[{"name":"wp","href":"https:\/\/api.w.org\/{rel}","templated":true}]}}