{"id":6927,"date":"2014-10-08T15:51:11","date_gmt":"2014-10-08T18:51:11","guid":{"rendered":"https:\/\/wp.ufpel.edu.br\/progep\/?p=6927"},"modified":"2014-10-08T16:09:21","modified_gmt":"2014-10-08T19:09:21","slug":"memorando-circular-no-0122014-gratif-por-encargos-de-curso-e-concurso-orgao-externos","status":"publish","type":"post","link":"https:\/\/wp.ufpel.edu.br\/progep\/2014\/10\/08\/memorando-circular-no-0122014-gratif-por-encargos-de-curso-e-concurso-orgao-externos\/","title":{"rendered":"Memorando Circular n\u00ba. 012\/2014 &#8211; Gratif. por Encargos de Curso ou Concurso &#8211; \u00d3rg\u00e3os Externos."},"content":{"rendered":"<p>A Pr\u00f3-Reitoria de Gest\u00e3o de Pessoas, atrav\u00e9s do <span style=\"color: #0000ff\"><a href=\"https:\/\/wp.ufpel.edu.br\/progep\/files\/2014\/10\/Memo.-Circ.-012_14.pdf\"><span style=\"color: #0000ff\">Memorando Circular n\u00ba. 012\/2014<\/span><\/a><\/span>, informa\u00a0os procedimentos necess\u00e1rios a serem adotados pelos servidores da UFPEL que realizam atividades, que ensejam a percep\u00e7\u00e3o da gratifica\u00e7\u00e3o por encargos de curso e concurso, em outras Institui\u00e7\u00f5es.<\/p>\n","protected":false},"excerpt":{"rendered":"<p>A Pr\u00f3-Reitoria de Gest\u00e3o de Pessoas, atrav\u00e9s do Memorando Circular n\u00ba. 012\/2014, informa\u00a0os procedimentos necess\u00e1rios a serem adotados pelos servidores da UFPEL que realizam atividades, que ensejam a percep\u00e7\u00e3o da gratifica\u00e7\u00e3o por encargos de curso e concurso, em outras Institui\u00e7\u00f5es.<\/p>\n","protected":false},"author":52,"featured_media":0,"comment_status":"closed","ping_status":"closed","sticky":false,"template":"","format":"standard","meta":{"footnotes":""},"categories":[1],"tags":[],"class_list":["post-6927","post","type-post","status-publish","format-standard","hentry","category-noticias"],"jetpack_featured_media_url":"","_links":{"self":[{"href":"https:\/\/wp.ufpel.edu.br\/progep\/wp-json\/wp\/v2\/posts\/6927","targetHints":{"allow":["GET"]}}],"collection":[{"href":"https:\/\/wp.ufpel.edu.br\/progep\/wp-json\/wp\/v2\/posts"}],"about":[{"href":"https:\/\/wp.ufpel.edu.br\/progep\/wp-json\/wp\/v2\/types\/post"}],"author":[{"embeddable":true,"href":"https:\/\/wp.ufpel.edu.br\/progep\/wp-json\/wp\/v2\/users\/52"}],"replies":[{"embeddable":true,"href":"https:\/\/wp.ufpel.edu.br\/progep\/wp-json\/wp\/v2\/comments?post=6927"}],"version-history":[{"count":7,"href":"https:\/\/wp.ufpel.edu.br\/progep\/wp-json\/wp\/v2\/posts\/6927\/revisions"}],"predecessor-version":[{"id":6936,"href":"https:\/\/wp.ufpel.edu.br\/progep\/wp-json\/wp\/v2\/posts\/6927\/revisions\/6936"}],"wp:attachment":[{"href":"https:\/\/wp.ufpel.edu.br\/progep\/wp-json\/wp\/v2\/media?parent=6927"}],"wp:term":[{"taxonomy":"category","embeddable":true,"href":"https:\/\/wp.ufpel.edu.br\/progep\/wp-json\/wp\/v2\/categories?post=6927"},{"taxonomy":"post_tag","embeddable":true,"href":"https:\/\/wp.ufpel.edu.br\/progep\/wp-json\/wp\/v2\/tags?post=6927"}],"curies":[{"name":"wp","href":"https:\/\/api.w.org\/{rel}","templated":true}]}}