{"id":6911,"date":"2014-10-06T19:45:16","date_gmt":"2014-10-06T22:45:16","guid":{"rendered":"https:\/\/wp.ufpel.edu.br\/progep\/?p=6911"},"modified":"2014-10-06T19:45:59","modified_gmt":"2014-10-06T22:45:59","slug":"selecao-de-estagiarios-edital-no-072014-resultado-final","status":"publish","type":"post","link":"https:\/\/wp.ufpel.edu.br\/progep\/2014\/10\/06\/selecao-de-estagiarios-edital-no-072014-resultado-final\/","title":{"rendered":"Sele\u00e7\u00e3o de Estagi\u00e1rios &#8211; Edital n\u00ba. 07\/2014 &#8211; Resultado Final"},"content":{"rendered":"<p>A Universidade Federal de Pelotas, atrav\u00e9s da Pr\u00f3-Reitoria de Gest\u00e3o de Pessoas \u2013 PROGEP, vem por meio deste, divulgar os resultados finais\u00a0do Processo de Sele\u00e7\u00e3o de Estagi\u00e1rios para est\u00e1gio n\u00e3o obrigat\u00f3rio \u2013 Edital n\u00ba 07\/2014, conforme link abaixo:<\/p>\n<p><span style=\"color: #0000ff\"><a href=\"https:\/\/wp.ufpel.edu.br\/progep\/files\/2014\/08\/Resultado-Final-Edital-no-07.2014.pdf\"><span style=\"color: #0000ff\">Edital n\u00ba 11.2014 &#8211; Resultado Final<\/span><\/a><\/span><\/p>\n","protected":false},"excerpt":{"rendered":"<p>A Universidade Federal de Pelotas, atrav\u00e9s da Pr\u00f3-Reitoria de Gest\u00e3o de Pessoas \u2013 PROGEP, vem por meio deste, divulgar os resultados finais\u00a0do Processo de Sele\u00e7\u00e3o de Estagi\u00e1rios para est\u00e1gio n\u00e3o obrigat\u00f3rio \u2013 Edital n\u00ba 07\/2014, conforme link abaixo: Edital n\u00ba 11.2014 &#8211; Resultado Final<\/p>\n","protected":false},"author":52,"featured_media":0,"comment_status":"closed","ping_status":"closed","sticky":false,"template":"","format":"standard","meta":{"footnotes":""},"categories":[1],"tags":[],"class_list":["post-6911","post","type-post","status-publish","format-standard","hentry","category-noticias"],"jetpack_featured_media_url":"","_links":{"self":[{"href":"https:\/\/wp.ufpel.edu.br\/progep\/wp-json\/wp\/v2\/posts\/6911","targetHints":{"allow":["GET"]}}],"collection":[{"href":"https:\/\/wp.ufpel.edu.br\/progep\/wp-json\/wp\/v2\/posts"}],"about":[{"href":"https:\/\/wp.ufpel.edu.br\/progep\/wp-json\/wp\/v2\/types\/post"}],"author":[{"embeddable":true,"href":"https:\/\/wp.ufpel.edu.br\/progep\/wp-json\/wp\/v2\/users\/52"}],"replies":[{"embeddable":true,"href":"https:\/\/wp.ufpel.edu.br\/progep\/wp-json\/wp\/v2\/comments?post=6911"}],"version-history":[{"count":3,"href":"https:\/\/wp.ufpel.edu.br\/progep\/wp-json\/wp\/v2\/posts\/6911\/revisions"}],"predecessor-version":[{"id":6913,"href":"https:\/\/wp.ufpel.edu.br\/progep\/wp-json\/wp\/v2\/posts\/6911\/revisions\/6913"}],"wp:attachment":[{"href":"https:\/\/wp.ufpel.edu.br\/progep\/wp-json\/wp\/v2\/media?parent=6911"}],"wp:term":[{"taxonomy":"category","embeddable":true,"href":"https:\/\/wp.ufpel.edu.br\/progep\/wp-json\/wp\/v2\/categories?post=6911"},{"taxonomy":"post_tag","embeddable":true,"href":"https:\/\/wp.ufpel.edu.br\/progep\/wp-json\/wp\/v2\/tags?post=6911"}],"curies":[{"name":"wp","href":"https:\/\/api.w.org\/{rel}","templated":true}]}}