{"id":6896,"date":"2014-10-01T17:29:55","date_gmt":"2014-10-01T20:29:55","guid":{"rendered":"https:\/\/wp.ufpel.edu.br\/progep\/?p=6896"},"modified":"2014-10-01T17:29:55","modified_gmt":"2014-10-01T20:29:55","slug":"expediente-interno-capprogep","status":"publish","type":"post","link":"https:\/\/wp.ufpel.edu.br\/progep\/2014\/10\/01\/expediente-interno-capprogep\/","title":{"rendered":"Expediente Interno CAP\/PROGEP"},"content":{"rendered":"<p style=\"color: #666666\">A Coordena\u00e7\u00e3o de Administra\u00e7\u00e3o\u00a0de Pessoal\/PROGEP informa que nesta\u00a0quinta-feira, dia 02 de outubro de 2014, estar\u00e1 em expediente interno para\u00a0realiza\u00e7\u00e3o de reuni\u00e3o geral com seus servidores.<\/p>\n","protected":false},"excerpt":{"rendered":"<p>A Coordena\u00e7\u00e3o de Administra\u00e7\u00e3o\u00a0de Pessoal\/PROGEP informa que nesta\u00a0quinta-feira, dia 02 de outubro de 2014, estar\u00e1 em expediente interno para\u00a0realiza\u00e7\u00e3o de reuni\u00e3o geral com seus servidores.<\/p>\n","protected":false},"author":52,"featured_media":0,"comment_status":"closed","ping_status":"closed","sticky":false,"template":"","format":"standard","meta":{"footnotes":""},"categories":[1],"tags":[],"class_list":["post-6896","post","type-post","status-publish","format-standard","hentry","category-noticias"],"jetpack_featured_media_url":"","_links":{"self":[{"href":"https:\/\/wp.ufpel.edu.br\/progep\/wp-json\/wp\/v2\/posts\/6896","targetHints":{"allow":["GET"]}}],"collection":[{"href":"https:\/\/wp.ufpel.edu.br\/progep\/wp-json\/wp\/v2\/posts"}],"about":[{"href":"https:\/\/wp.ufpel.edu.br\/progep\/wp-json\/wp\/v2\/types\/post"}],"author":[{"embeddable":true,"href":"https:\/\/wp.ufpel.edu.br\/progep\/wp-json\/wp\/v2\/users\/52"}],"replies":[{"embeddable":true,"href":"https:\/\/wp.ufpel.edu.br\/progep\/wp-json\/wp\/v2\/comments?post=6896"}],"version-history":[{"count":1,"href":"https:\/\/wp.ufpel.edu.br\/progep\/wp-json\/wp\/v2\/posts\/6896\/revisions"}],"predecessor-version":[{"id":6897,"href":"https:\/\/wp.ufpel.edu.br\/progep\/wp-json\/wp\/v2\/posts\/6896\/revisions\/6897"}],"wp:attachment":[{"href":"https:\/\/wp.ufpel.edu.br\/progep\/wp-json\/wp\/v2\/media?parent=6896"}],"wp:term":[{"taxonomy":"category","embeddable":true,"href":"https:\/\/wp.ufpel.edu.br\/progep\/wp-json\/wp\/v2\/categories?post=6896"},{"taxonomy":"post_tag","embeddable":true,"href":"https:\/\/wp.ufpel.edu.br\/progep\/wp-json\/wp\/v2\/tags?post=6896"}],"curies":[{"name":"wp","href":"https:\/\/api.w.org\/{rel}","templated":true}]}}