{"id":6720,"date":"2014-09-18T11:33:38","date_gmt":"2014-09-18T14:33:38","guid":{"rendered":"https:\/\/wp.ufpel.edu.br\/progep\/?p=6720"},"modified":"2014-09-18T11:33:38","modified_gmt":"2014-09-18T14:33:38","slug":"aviso-liberacao-de-horario-para-educacao-formal","status":"publish","type":"post","link":"https:\/\/wp.ufpel.edu.br\/progep\/2014\/09\/18\/aviso-liberacao-de-horario-para-educacao-formal\/","title":{"rendered":"Aviso &#8211; Libera\u00e7\u00e3o de Hor\u00e1rio para educa\u00e7ao formal"},"content":{"rendered":"<p style=\"text-align: justify\">\n<p style=\"text-align: justify\">A Coordena\u00e7\u00e3o de Desenvolvimento de Pessoal &#8211; PROGEP recomenda aos servidores com<strong> concess\u00e3o de libera\u00e7\u00e3o de hor\u00e1rio para educa\u00e7\u00e3o formal<\/strong> e respectivas chefias, que atentem para as novas orienta\u00e7\u00f5es constantes nesta\u00a0 p\u00e1gina eletr\u00f4nica, sobre procedimentos de requerimento, an\u00e1lise e controle adotados.<\/p>\n<p style=\"text-align: justify\">No mesmo espa\u00e7o, est\u00e1 disponibilizada a listagem de servidores com a concess\u00e3o vigente.<\/p>\n","protected":false},"excerpt":{"rendered":"<p>A Coordena\u00e7\u00e3o de Desenvolvimento de Pessoal &#8211; PROGEP recomenda aos servidores com concess\u00e3o de libera\u00e7\u00e3o de hor\u00e1rio para educa\u00e7\u00e3o formal e respectivas chefias, que atentem para as novas orienta\u00e7\u00f5es constantes nesta\u00a0 p\u00e1gina eletr\u00f4nica, sobre procedimentos de requerimento, an\u00e1lise e controle adotados. No mesmo espa\u00e7o, est\u00e1 disponibilizada a listagem de servidores com a concess\u00e3o vigente.<\/p>\n","protected":false},"author":21,"featured_media":0,"comment_status":"closed","ping_status":"closed","sticky":false,"template":"","format":"standard","meta":{"footnotes":""},"categories":[1],"tags":[],"class_list":["post-6720","post","type-post","status-publish","format-standard","hentry","category-noticias"],"jetpack_featured_media_url":"","_links":{"self":[{"href":"https:\/\/wp.ufpel.edu.br\/progep\/wp-json\/wp\/v2\/posts\/6720","targetHints":{"allow":["GET"]}}],"collection":[{"href":"https:\/\/wp.ufpel.edu.br\/progep\/wp-json\/wp\/v2\/posts"}],"about":[{"href":"https:\/\/wp.ufpel.edu.br\/progep\/wp-json\/wp\/v2\/types\/post"}],"author":[{"embeddable":true,"href":"https:\/\/wp.ufpel.edu.br\/progep\/wp-json\/wp\/v2\/users\/21"}],"replies":[{"embeddable":true,"href":"https:\/\/wp.ufpel.edu.br\/progep\/wp-json\/wp\/v2\/comments?post=6720"}],"version-history":[{"count":1,"href":"https:\/\/wp.ufpel.edu.br\/progep\/wp-json\/wp\/v2\/posts\/6720\/revisions"}],"predecessor-version":[{"id":6722,"href":"https:\/\/wp.ufpel.edu.br\/progep\/wp-json\/wp\/v2\/posts\/6720\/revisions\/6722"}],"wp:attachment":[{"href":"https:\/\/wp.ufpel.edu.br\/progep\/wp-json\/wp\/v2\/media?parent=6720"}],"wp:term":[{"taxonomy":"category","embeddable":true,"href":"https:\/\/wp.ufpel.edu.br\/progep\/wp-json\/wp\/v2\/categories?post=6720"},{"taxonomy":"post_tag","embeddable":true,"href":"https:\/\/wp.ufpel.edu.br\/progep\/wp-json\/wp\/v2\/tags?post=6720"}],"curies":[{"name":"wp","href":"https:\/\/api.w.org\/{rel}","templated":true}]}}