{"id":6523,"date":"2014-09-04T11:20:18","date_gmt":"2014-09-04T14:20:18","guid":{"rendered":"https:\/\/wp.ufpel.edu.br\/progep\/?p=6523"},"modified":"2014-09-10T15:01:57","modified_gmt":"2014-09-10T18:01:57","slug":"reabertura-inscricoes","status":"publish","type":"post","link":"https:\/\/wp.ufpel.edu.br\/progep\/2014\/09\/04\/reabertura-inscricoes\/","title":{"rendered":"Reabertura de Inscri\u00e7\u00f5es para Curso"},"content":{"rendered":"<p><strong><span style=\"color: #ff6600\">CURSO INTERMEDI\u00c1RIO DE CONVERSA\u00c7\u00c3O E PRODU\u00c7\u00c3O TEXTUAL EM L\u00cdNGUA ESPANHOLA<\/span><\/strong><\/p>\n<p><strong>P\u00fablico alvo<\/strong>: servidores t\u00e9cnico-administrativos e docentes da UFPEL, que tenham experi\u00eancia de leitura no idioma em n\u00edvel b\u00e1sico OU tenham cursado o n\u00edvel b\u00e1sico de leitura.<\/p>\n<p><strong>Per\u00edodo de inscri\u00e7\u00e3o<\/strong>:<\/p>\n<p>&#8211; in\u00edcio: 05 de setembro de 2014 (a partir das 9 horas)<strong>;<\/strong><\/p>\n<p>&#8211; t\u00e9rmino: 16 de setembro de 2014 (at\u00e9 18 horas).<\/p>\n<p><strong>Procedimento<\/strong>: preencher o formul\u00e1rio espec\u00edfico dispon\u00edvel no site da PROGEP.<\/p>\n<p><strong>Divulga\u00e7\u00e3o dos selecionados<\/strong>: a partir das\u00a0<strong>14 horas <\/strong>do<strong> dia<\/strong>\u00a0<strong>19<\/strong><strong> de setembro de 2014<\/strong>, no mesmo site.<\/p>\n<p><strong>Crit\u00e9rio de sele\u00e7\u00e3o<\/strong>: a ordem de inscri\u00e7\u00e3o.<\/p>\n<table width=\"643\">\n<tbody>\n<tr>\n<td style=\"text-align: center\" width=\"117\">CURSO<\/td>\n<td style=\"text-align: center\" width=\"84\">CARGA HOR\u00c1RIA<\/td>\n<td style=\"text-align: center\" width=\"114\">Per\u00edodo\/Local<\/td>\n<td style=\"text-align: center\" width=\"104\">Dias da semana\/hor\u00e1rios<\/td>\n<td style=\"text-align: center\" width=\"180\">Sum\u00e1rio do Programa<\/td>\n<td style=\"text-align: center\" width=\"44\">\u00a0 \u00a0 \u00a0 TOTALVAGAS<\/td>\n<\/tr>\n<tr>\n<td width=\"117\"><strong>Intermedi\u00e1rio de Conversa\u00e7\u00e3o e Produ\u00e7\u00e3o Textual em L\u00edngua Espanhola<\/strong><\/td>\n<td width=\"84\">\n<p style=\"text-align: center\">60 horas<\/p>\n<\/td>\n<td width=\"114\">In\u00edcio: 24\/09\/2014Previs\u00e3o T\u00e9rmino: 08\/12\/2014<\/p>\n<p>Local: Sala 415, 4\u00ba piso, Rua Gomes Carneiro, 1 (Campus Porto)<\/td>\n<td width=\"104\">Segundas e quartas-feiras, das 8h30min \u00e0s 11h30min<\/td>\n<td width=\"180\">Tipos de argumenta\u00e7\u00f5es e pontos em comum na argumenta\u00e7\u00e3o; tipos de textos: narrativos, descritivos, dialogados, expositivos, argumentativos; conte\u00fados de l\u00edngua espanhola n\u00edvel intermedi\u00e1rio (A2+B1).<\/td>\n<td width=\"44\">\n<p style=\"text-align: center\">20<\/p>\n<\/td>\n<\/tr>\n<\/tbody>\n<\/table>\n<p><\/p>\n","protected":false},"excerpt":{"rendered":"<p>CURSO INTERMEDI\u00c1RIO DE CONVERSA\u00c7\u00c3O E PRODU\u00c7\u00c3O TEXTUAL EM L\u00cdNGUA ESPANHOLA P\u00fablico alvo: servidores t\u00e9cnico-administrativos e docentes da UFPEL, que tenham experi\u00eancia de leitura no idioma em n\u00edvel b\u00e1sico OU tenham cursado o n\u00edvel b\u00e1sico de leitura. Per\u00edodo de inscri\u00e7\u00e3o: &#8211; in\u00edcio: 05 de setembro de 2014 (a partir das 9 horas); &#8211; t\u00e9rmino: 16 de [&hellip;]<\/p>\n","protected":false},"author":21,"featured_media":0,"comment_status":"closed","ping_status":"closed","sticky":false,"template":"","format":"standard","meta":{"footnotes":""},"categories":[1],"tags":[],"class_list":["post-6523","post","type-post","status-publish","format-standard","hentry","category-noticias"],"jetpack_featured_media_url":"","_links":{"self":[{"href":"https:\/\/wp.ufpel.edu.br\/progep\/wp-json\/wp\/v2\/posts\/6523","targetHints":{"allow":["GET"]}}],"collection":[{"href":"https:\/\/wp.ufpel.edu.br\/progep\/wp-json\/wp\/v2\/posts"}],"about":[{"href":"https:\/\/wp.ufpel.edu.br\/progep\/wp-json\/wp\/v2\/types\/post"}],"author":[{"embeddable":true,"href":"https:\/\/wp.ufpel.edu.br\/progep\/wp-json\/wp\/v2\/users\/21"}],"replies":[{"embeddable":true,"href":"https:\/\/wp.ufpel.edu.br\/progep\/wp-json\/wp\/v2\/comments?post=6523"}],"version-history":[{"count":3,"href":"https:\/\/wp.ufpel.edu.br\/progep\/wp-json\/wp\/v2\/posts\/6523\/revisions"}],"predecessor-version":[{"id":6601,"href":"https:\/\/wp.ufpel.edu.br\/progep\/wp-json\/wp\/v2\/posts\/6523\/revisions\/6601"}],"wp:attachment":[{"href":"https:\/\/wp.ufpel.edu.br\/progep\/wp-json\/wp\/v2\/media?parent=6523"}],"wp:term":[{"taxonomy":"category","embeddable":true,"href":"https:\/\/wp.ufpel.edu.br\/progep\/wp-json\/wp\/v2\/categories?post=6523"},{"taxonomy":"post_tag","embeddable":true,"href":"https:\/\/wp.ufpel.edu.br\/progep\/wp-json\/wp\/v2\/tags?post=6523"}],"curies":[{"name":"wp","href":"https:\/\/api.w.org\/{rel}","templated":true}]}}