{"id":6354,"date":"2014-08-25T15:32:21","date_gmt":"2014-08-25T18:32:21","guid":{"rendered":"https:\/\/wp.ufpel.edu.br\/progep\/?p=6354"},"modified":"2014-09-02T18:07:40","modified_gmt":"2014-09-02T21:07:40","slug":"novas-acoes-de-capacitacao-2","status":"publish","type":"post","link":"https:\/\/wp.ufpel.edu.br\/progep\/2014\/08\/25\/novas-acoes-de-capacitacao-2\/","title":{"rendered":"Novas A\u00e7\u00f5es de Capacita\u00e7\u00e3o"},"content":{"rendered":"<p style=\"text-align: justify\"><strong>P\u00fablico alvo<\/strong>: servidores t\u00e9cnico-administrativos e docentes da UFPel.<\/p>\n<p style=\"text-align: justify\"><strong>Per\u00edodo de inscri\u00e7\u00e3o<\/strong>:<\/p>\n<p style=\"text-align: justify\">&#8211; in\u00edcio: 26 de agosto de 2014 (a partir das 14 horas)<strong>;<\/strong><\/p>\n<p style=\"text-align: justify\">&#8211; t\u00e9rmino: 02 de setembro de 2014 (at\u00e9 18 horas).<\/p>\n<p style=\"text-align: justify\"><strong>Procedimento<\/strong>: preencher o formul\u00e1rio espec\u00edfico dispon\u00edvel no site da PROGEP.<\/p>\n<p style=\"text-align: justify\"><strong>Divulga\u00e7\u00e3o dos selecionados<\/strong>: a partir das\u00a0<strong>14 horas <\/strong>do<strong> dia<\/strong>\u00a0<strong>04 de setembro de 2014<\/strong>, no mesmo site.<\/p>\n<p style=\"text-align: justify\"><strong>Crit\u00e9rio de sele\u00e7\u00e3o<\/strong>: a ordem de inscri\u00e7\u00e3o.<\/p>\n<table style=\"height: 984px\" width=\"723\">\n<tbody>\n<tr>\n<td width=\"117\"><strong>Curso\/C.H.<\/strong><\/td>\n<td width=\"132\"><strong>Per\u00edodo\/Local<\/strong><\/td>\n<td width=\"104\"><strong>Dias da semana\/hor\u00e1rios<\/strong><\/td>\n<td width=\"180\"><strong>Sum\u00e1rio do Programa<\/strong><\/td>\n<td width=\"44\"><strong>Vagas<\/strong><\/td>\n<\/tr>\n<tr>\n<td width=\"117\"><strong>Intermedi\u00e1rio de Conversa\u00e7\u00e3o e Produ\u00e7\u00e3o Textual em L\u00edngua Espanhola (*)<br \/>\n<\/strong>60 horas<\/td>\n<td width=\"132\">In\u00edcio: 24\/09\/2014<br \/>\nPrevis\u00e3o T\u00e9rmino: 08\/12\/2014<br \/>\nLocal: Sala 415, 4\u00ba piso, Rua Gomes Carneiro, 1 (Campus Porto)<\/td>\n<td width=\"104\">Segundas e quartas-feiras, das 8h30min \u00e0s 11h30min<\/td>\n<td width=\"180\">Tipos de argumenta\u00e7\u00f5es e pontos em comum na argumenta\u00e7\u00e3o; tipos de textos: narrativos, descritivos, dialogados, expositivos, argumentativos; conte\u00fados de l\u00edngua espanhola n\u00edvel intermedi\u00e1rio (A2+B1).<\/td>\n<td width=\"44\">20<\/td>\n<\/tr>\n<tr>\n<td width=\"117\"><strong>Intermedi\u00e1rio de Leitura em L\u00edngua Inglesa (*)<br \/>\n<\/strong>60 horas<\/td>\n<td width=\"132\">In\u00edcio: 30\/09\/2014<br \/>\nPrevis\u00e3o t\u00e9rmino: 11\/12\/2014<br \/>\nLocal: Ter\u00e7a-feira, sala 02; quinta-feira, sala 03. Rua Conde de Porto Alegre, 193 (pr\u00e9dio do CENG)<\/td>\n<td width=\"104\">Ter\u00e7as e quintas-feiras, das 19 \u00e0s 22 horas<\/td>\n<td width=\"180\">Revis\u00e3o das principais estrat\u00e9gias de leitura estudadas no curso b\u00e1sico; Refor\u00e7o da conscientiza\u00e7\u00e3o do processo de leitura, visando \u00e0 transfer\u00eancia de conhecimentos de L1 para L2; Distin\u00e7\u00e3o entre informa\u00e7\u00f5es relevantes e irrelevantes; Ensino e aprendizagem de vocabul\u00e1rio tem\u00e1tico e gloss\u00e1rio acad\u00eamico.<\/td>\n<td width=\"44\">20<\/td>\n<\/tr>\n<tr>\n<td width=\"117\"><strong>Intermedi\u00e1rio de L\u00edngua Brasileira de Sinais \u2013 LIBRAS<br \/>\n<\/strong>60 horas<\/td>\n<td width=\"132\">In\u00edcio: 10\/09\/2014<br \/>\nPrevis\u00e3o t\u00e9rmino: 16\/12\/2014<br \/>\nLocal: sala 03, Pra\u00e7a 7 de julho, 52 (Liceu)<\/td>\n<td width=\"104\">Ter\u00e7as e quartas-feiras, das 8h30min \u00e0s 11h30min.\u00a0\u00a0\u00a0 \u00a0\u00a0 \u00a0\u00a0 Setembro: 10 a 24\u00a0 Outubro:7, 8, 15, 21, 22 e 29.\u00a0\u00a0\u00a0\u00a0\u00a0\u00a0\u00a0 Novembro: 4, 12, 18 e 19.<br \/>\nDezembro: 2 a 16.<\/td>\n<td width=\"180\">Aspectos da ling\u00fc\u00edstica: Sintaxe; Morfologia; Fonologia.Tipos de verbos.Principais \u00e1reas de vocabul\u00e1rio a serem desenvolvidas: espa\u00e7os urbanos; alimenta\u00e7\u00e3o; ambientes dom\u00e9sticos e escolares; animais selvagens do Brasil; profiss\u00f5es. Adv\u00e9rbios. Adjetivos.<\/td>\n<td width=\"44\">20<\/td>\n<\/tr>\n<tr>\n<td width=\"117\"><strong>Regime Jur\u00eddico \u00danico (**)<br \/>\n<\/strong>60 horas<\/td>\n<td width=\"132\">In\u00edcio: 09\/09\/2014<br \/>\nPrevis\u00e3o t\u00e9rmino: 11\/11\/2014<br \/>\nLocal: sala 102, Rua Alberto Rosa, 580 (AABB)<\/td>\n<td width=\"104\">Ter\u00e7as e quintas-feiras, das 14 \u00e0s 18 horas.<\/td>\n<td width=\"180\">Apresenta\u00e7\u00e3o e Organiza\u00e7\u00e3o do Estado; Agentes p\u00fablicos, fun\u00e7\u00e3o, cargo e emprego p\u00fablico; Acesso ao servi\u00e7o p\u00fablico; Acumula\u00e7\u00e3o; Vencimento e remunera\u00e7\u00e3o; Afastamentos e concess\u00f5es; Regime disciplinar.<\/td>\n<td width=\"44\">30<\/td>\n<\/tr>\n<tr>\n<td width=\"117\"><strong>LibreOffice Base Intermedi\u00e1rio<br \/>\n<\/strong>20 horas<\/td>\n<td width=\"132\">In\u00edcio: 13\/10\/2014<br \/>\nPrevis\u00e3o t\u00e9rmino: 21\/11\/2014<\/td>\n<td width=\"104\"><em>online<\/em><\/td>\n<td width=\"180\">Cria\u00e7\u00e3o e manipula\u00e7\u00e3o de banco de dados; Cria\u00e7\u00e3o de tabelas e relacionamentos; Configura\u00e7\u00e3o de formul\u00e1rios; Consultas com SQL.<\/td>\n<td width=\"44\">40<\/td>\n<\/tr>\n<tr>\n<td width=\"117\"><strong>LibreOffice Impress Avan\u00e7ado<br \/>\n<\/strong>30 horas<\/td>\n<td width=\"132\">In\u00edcio: 01\/10\/2014<br \/>\nPrevis\u00e3o t\u00e9rmino: 31\/10\/2014<\/td>\n<td width=\"104\"><em>online<\/em><\/td>\n<td width=\"180\">Salvar arquivos com senha; Exportar; Modelos; Hiperlinks; Gr\u00e1ficos; Idiomas; Conta gotas; Galeria.<\/td>\n<td width=\"44\">30<\/td>\n<\/tr>\n<\/tbody>\n<\/table>\n<p>&nbsp;<\/p>\n<p>(*) Requisito espec\u00edfico: ter experi\u00eancia de leitura no idioma &#8211; l\u00edngua inglesa ou l\u00edngua espanhola \u2013 em n\u00edvel b\u00e1sico OU ter cursado o n\u00edvel b\u00e1sico de leitura nesse idioma.<\/p>\n<p>(**) N\u00e3o haver\u00e1 aulas nos dias 23\/09, 25\/09, 14\/10 e 16\/10.<\/p>\n<p>&nbsp;<\/p>\n","protected":false},"excerpt":{"rendered":"<p>P\u00fablico alvo: servidores t\u00e9cnico-administrativos e docentes da UFPel. Per\u00edodo de inscri\u00e7\u00e3o: &#8211; in\u00edcio: 26 de agosto de 2014 (a partir das 14 horas); &#8211; t\u00e9rmino: 02 de setembro de 2014 (at\u00e9 18 horas). Procedimento: preencher o formul\u00e1rio espec\u00edfico dispon\u00edvel no site da PROGEP. Divulga\u00e7\u00e3o dos selecionados: a partir das\u00a014 horas do dia\u00a004 de setembro de [&hellip;]<\/p>\n","protected":false},"author":21,"featured_media":0,"comment_status":"closed","ping_status":"closed","sticky":false,"template":"","format":"standard","meta":{"footnotes":""},"categories":[1],"tags":[],"class_list":["post-6354","post","type-post","status-publish","format-standard","hentry","category-noticias"],"jetpack_featured_media_url":"","_links":{"self":[{"href":"https:\/\/wp.ufpel.edu.br\/progep\/wp-json\/wp\/v2\/posts\/6354","targetHints":{"allow":["GET"]}}],"collection":[{"href":"https:\/\/wp.ufpel.edu.br\/progep\/wp-json\/wp\/v2\/posts"}],"about":[{"href":"https:\/\/wp.ufpel.edu.br\/progep\/wp-json\/wp\/v2\/types\/post"}],"author":[{"embeddable":true,"href":"https:\/\/wp.ufpel.edu.br\/progep\/wp-json\/wp\/v2\/users\/21"}],"replies":[{"embeddable":true,"href":"https:\/\/wp.ufpel.edu.br\/progep\/wp-json\/wp\/v2\/comments?post=6354"}],"version-history":[{"count":48,"href":"https:\/\/wp.ufpel.edu.br\/progep\/wp-json\/wp\/v2\/posts\/6354\/revisions"}],"predecessor-version":[{"id":6505,"href":"https:\/\/wp.ufpel.edu.br\/progep\/wp-json\/wp\/v2\/posts\/6354\/revisions\/6505"}],"wp:attachment":[{"href":"https:\/\/wp.ufpel.edu.br\/progep\/wp-json\/wp\/v2\/media?parent=6354"}],"wp:term":[{"taxonomy":"category","embeddable":true,"href":"https:\/\/wp.ufpel.edu.br\/progep\/wp-json\/wp\/v2\/categories?post=6354"},{"taxonomy":"post_tag","embeddable":true,"href":"https:\/\/wp.ufpel.edu.br\/progep\/wp-json\/wp\/v2\/tags?post=6354"}],"curies":[{"name":"wp","href":"https:\/\/api.w.org\/{rel}","templated":true}]}}