{"id":6332,"date":"2014-08-21T16:50:37","date_gmt":"2014-08-21T19:50:37","guid":{"rendered":"https:\/\/wp.ufpel.edu.br\/progep\/?p=6332"},"modified":"2014-08-21T16:52:48","modified_gmt":"2014-08-21T19:52:48","slug":"retificacao-do-edital-20-de-agosto-de-2014","status":"publish","type":"post","link":"https:\/\/wp.ufpel.edu.br\/progep\/2014\/08\/21\/retificacao-do-edital-20-de-agosto-de-2014\/","title":{"rendered":"Retifica\u00e7\u00e3o do Edital n\u00ba. 07.2014 &#8211; 20 de agosto de 2014"},"content":{"rendered":"<p>A Universidade Federal de Pelotas, atrav\u00e9s da Pr\u00f3-Reitoria de Gest\u00e3o de Pessoas &#8211; PROGEP, REVOGA a retifica\u00e7\u00e3o do Edital no 0712014, publicada no dia 15 de agosto de 2014, e RETIFICA novamente o Edital conforme segue:<\/p>\n<p><a href=\"https:\/\/wp.ufpel.edu.br\/progep\/files\/2014\/08\/Retificacao-do-Edital-n.-07-2014-20agosto2014.pdf\">Retifica\u00e7\u00e3o do Edital n\u00ba 07.2014<\/a><\/p>\n","protected":false},"excerpt":{"rendered":"<p>A Universidade Federal de Pelotas, atrav\u00e9s da Pr\u00f3-Reitoria de Gest\u00e3o de Pessoas &#8211; PROGEP, REVOGA a retifica\u00e7\u00e3o do Edital no 0712014, publicada no dia 15 de agosto de 2014, e RETIFICA novamente o Edital conforme segue: Retifica\u00e7\u00e3o do Edital n\u00ba 07.2014<\/p>\n","protected":false},"author":52,"featured_media":0,"comment_status":"closed","ping_status":"closed","sticky":false,"template":"","format":"standard","meta":{"footnotes":""},"categories":[1],"tags":[],"class_list":["post-6332","post","type-post","status-publish","format-standard","hentry","category-noticias"],"jetpack_featured_media_url":"","_links":{"self":[{"href":"https:\/\/wp.ufpel.edu.br\/progep\/wp-json\/wp\/v2\/posts\/6332","targetHints":{"allow":["GET"]}}],"collection":[{"href":"https:\/\/wp.ufpel.edu.br\/progep\/wp-json\/wp\/v2\/posts"}],"about":[{"href":"https:\/\/wp.ufpel.edu.br\/progep\/wp-json\/wp\/v2\/types\/post"}],"author":[{"embeddable":true,"href":"https:\/\/wp.ufpel.edu.br\/progep\/wp-json\/wp\/v2\/users\/52"}],"replies":[{"embeddable":true,"href":"https:\/\/wp.ufpel.edu.br\/progep\/wp-json\/wp\/v2\/comments?post=6332"}],"version-history":[{"count":3,"href":"https:\/\/wp.ufpel.edu.br\/progep\/wp-json\/wp\/v2\/posts\/6332\/revisions"}],"predecessor-version":[{"id":6337,"href":"https:\/\/wp.ufpel.edu.br\/progep\/wp-json\/wp\/v2\/posts\/6332\/revisions\/6337"}],"wp:attachment":[{"href":"https:\/\/wp.ufpel.edu.br\/progep\/wp-json\/wp\/v2\/media?parent=6332"}],"wp:term":[{"taxonomy":"category","embeddable":true,"href":"https:\/\/wp.ufpel.edu.br\/progep\/wp-json\/wp\/v2\/categories?post=6332"},{"taxonomy":"post_tag","embeddable":true,"href":"https:\/\/wp.ufpel.edu.br\/progep\/wp-json\/wp\/v2\/tags?post=6332"}],"curies":[{"name":"wp","href":"https:\/\/api.w.org\/{rel}","templated":true}]}}