{"id":6325,"date":"2014-08-20T15:22:08","date_gmt":"2014-08-20T18:22:08","guid":{"rendered":"https:\/\/wp.ufpel.edu.br\/progep\/?p=6325"},"modified":"2014-08-22T13:20:46","modified_gmt":"2014-08-22T16:20:46","slug":"acoes-externas-de-capacitacao-de-taes-no-pais","status":"publish","type":"post","link":"https:\/\/wp.ufpel.edu.br\/progep\/2014\/08\/20\/acoes-externas-de-capacitacao-de-taes-no-pais\/","title":{"rendered":"A\u00e7\u00f5es externas de capacita\u00e7\u00e3o de TAEs no pa\u00eds"},"content":{"rendered":"<p style=\"text-align: justify\">A Coordena\u00e7\u00e3o de Desenvolvimento de Pessoal\u00a0 informa que foi emitida Instru\u00e7\u00e3o Normativa n\u00ba01\/PROGEP, que trata da normatiza\u00e7\u00e3o do processo de custeio da participa\u00e7\u00e3o de servidores t\u00e9cnico-administrativos em a\u00e7\u00f5es externas de capacita\u00e7\u00e3o no pa\u00eds.<\/p>\n<p style=\"text-align: justify\"><a href=\"https:\/\/wp.ufpel.edu.br\/progep\/files\/2014\/08\/INSTRUCAO-NORMATIVA-PAGAMENTOS-A-EXTERNAS.docx\">Instru\u00e7\u00e3o Normativa PROGEP n\u00ba01\/2014<\/a><\/p>\n","protected":false},"excerpt":{"rendered":"<p>A Coordena\u00e7\u00e3o de Desenvolvimento de Pessoal\u00a0 informa que foi emitida Instru\u00e7\u00e3o Normativa n\u00ba01\/PROGEP, que trata da normatiza\u00e7\u00e3o do processo de custeio da participa\u00e7\u00e3o de servidores t\u00e9cnico-administrativos em a\u00e7\u00f5es externas de capacita\u00e7\u00e3o no pa\u00eds. Instru\u00e7\u00e3o Normativa PROGEP n\u00ba01\/2014<\/p>\n","protected":false},"author":21,"featured_media":0,"comment_status":"closed","ping_status":"closed","sticky":false,"template":"","format":"standard","meta":{"footnotes":""},"categories":[1],"tags":[],"class_list":["post-6325","post","type-post","status-publish","format-standard","hentry","category-noticias"],"jetpack_featured_media_url":"","_links":{"self":[{"href":"https:\/\/wp.ufpel.edu.br\/progep\/wp-json\/wp\/v2\/posts\/6325","targetHints":{"allow":["GET"]}}],"collection":[{"href":"https:\/\/wp.ufpel.edu.br\/progep\/wp-json\/wp\/v2\/posts"}],"about":[{"href":"https:\/\/wp.ufpel.edu.br\/progep\/wp-json\/wp\/v2\/types\/post"}],"author":[{"embeddable":true,"href":"https:\/\/wp.ufpel.edu.br\/progep\/wp-json\/wp\/v2\/users\/21"}],"replies":[{"embeddable":true,"href":"https:\/\/wp.ufpel.edu.br\/progep\/wp-json\/wp\/v2\/comments?post=6325"}],"version-history":[{"count":6,"href":"https:\/\/wp.ufpel.edu.br\/progep\/wp-json\/wp\/v2\/posts\/6325\/revisions"}],"predecessor-version":[{"id":6346,"href":"https:\/\/wp.ufpel.edu.br\/progep\/wp-json\/wp\/v2\/posts\/6325\/revisions\/6346"}],"wp:attachment":[{"href":"https:\/\/wp.ufpel.edu.br\/progep\/wp-json\/wp\/v2\/media?parent=6325"}],"wp:term":[{"taxonomy":"category","embeddable":true,"href":"https:\/\/wp.ufpel.edu.br\/progep\/wp-json\/wp\/v2\/categories?post=6325"},{"taxonomy":"post_tag","embeddable":true,"href":"https:\/\/wp.ufpel.edu.br\/progep\/wp-json\/wp\/v2\/tags?post=6325"}],"curies":[{"name":"wp","href":"https:\/\/api.w.org\/{rel}","templated":true}]}}