{"id":6315,"date":"2014-08-18T15:51:10","date_gmt":"2014-08-18T18:51:10","guid":{"rendered":"https:\/\/wp.ufpel.edu.br\/progep\/?p=6315"},"modified":"2014-08-18T15:53:56","modified_gmt":"2014-08-18T18:53:56","slug":"capacitacao-de-servidores-em-scdp","status":"publish","type":"post","link":"https:\/\/wp.ufpel.edu.br\/progep\/2014\/08\/18\/capacitacao-de-servidores-em-scdp\/","title":{"rendered":"Capacita\u00e7\u00e3o de servidores em SCDP"},"content":{"rendered":"<p style=\"text-align: justify\"><span style=\"font-size: 14pt;font-family: arial,helvetica,sans-serif\">A Coordena\u00e7\u00e3o de Desenvolvimento de Pessoal \u2013 PROGEP, juntamente com a Coordena\u00e7\u00e3o de Finan\u00e7as e Contabilidade \u2013 PRA, promoveu, na \u00faltima semana, cursos de \u201cLegisla\u00e7\u00e3o e Pr\u00e1tica de Concess\u00e3o de Di\u00e1rias e Passagens &#8211; SCDP\u201d, ministrados pela Escola de Administra\u00e7\u00e3o Fazend\u00e1ria \u2013 ESAF. <\/span><br \/>\n<span style=\"font-size: 14pt;font-family: arial,helvetica,sans-serif\">Foram capacitados, em duas turmas, 47 servidores t\u00e9cnico-administrativos para atua\u00e7\u00e3o no gerenciamento dos procedimentos necess\u00e1rios para deslocamentos de servidores p\u00fablicos, conforme a atual legisla\u00e7\u00e3o.<\/span><\/p>\n<p>\u00a0<a href=\"https:\/\/wp.ufpel.edu.br\/progep\/files\/2014\/08\/DSC_0042.jpg\"><img class=\"aligncenter size-medium wp-image-6317\" src=\"https:\/\/wp.ufpel.edu.br\/progep\/files\/2014\/08\/DSC_0042-424x282.jpg\" alt=\"DSC_0042\" width=\"424\" height=\"282\" srcset=\"https:\/\/wp.ufpel.edu.br\/progep\/files\/2014\/08\/DSC_0042-424x282.jpg 424w, https:\/\/wp.ufpel.edu.br\/progep\/files\/2014\/08\/DSC_0042-212x141.jpg 212w, https:\/\/wp.ufpel.edu.br\/progep\/files\/2014\/08\/DSC_0042.jpg 1620w\" sizes=\"(max-width: 424px) 100vw, 424px\" \/><\/a><\/p>\n<p>&nbsp;<\/p>\n<p>&nbsp;<\/p>\n<p><a href=\"https:\/\/wp.ufpel.edu.br\/progep\/files\/2014\/08\/DSC_9089.jpg\"><img class=\"aligncenter size-medium wp-image-6319\" src=\"https:\/\/wp.ufpel.edu.br\/progep\/files\/2014\/08\/DSC_9089-424x280.jpg\" alt=\"DSC_9089\" width=\"424\" height=\"280\" srcset=\"https:\/\/wp.ufpel.edu.br\/progep\/files\/2014\/08\/DSC_9089-424x280.jpg 424w, https:\/\/wp.ufpel.edu.br\/progep\/files\/2014\/08\/DSC_9089-212x140.jpg 212w, https:\/\/wp.ufpel.edu.br\/progep\/files\/2014\/08\/DSC_9089.jpg 1631w\" sizes=\"(max-width: 424px) 100vw, 424px\" \/><\/a><\/p>\n","protected":false},"excerpt":{"rendered":"<p>A Coordena\u00e7\u00e3o de Desenvolvimento de Pessoal \u2013 PROGEP, juntamente com a Coordena\u00e7\u00e3o de Finan\u00e7as e Contabilidade \u2013 PRA, promoveu, na \u00faltima semana, cursos de \u201cLegisla\u00e7\u00e3o e Pr\u00e1tica de Concess\u00e3o de Di\u00e1rias e Passagens &#8211; SCDP\u201d, ministrados pela Escola de Administra\u00e7\u00e3o Fazend\u00e1ria \u2013 ESAF. Foram capacitados, em duas turmas, 47 servidores t\u00e9cnico-administrativos para atua\u00e7\u00e3o no gerenciamento [&hellip;]<\/p>\n","protected":false},"author":21,"featured_media":0,"comment_status":"closed","ping_status":"closed","sticky":false,"template":"","format":"standard","meta":{"footnotes":""},"categories":[1],"tags":[],"class_list":["post-6315","post","type-post","status-publish","format-standard","hentry","category-noticias"],"jetpack_featured_media_url":"","_links":{"self":[{"href":"https:\/\/wp.ufpel.edu.br\/progep\/wp-json\/wp\/v2\/posts\/6315","targetHints":{"allow":["GET"]}}],"collection":[{"href":"https:\/\/wp.ufpel.edu.br\/progep\/wp-json\/wp\/v2\/posts"}],"about":[{"href":"https:\/\/wp.ufpel.edu.br\/progep\/wp-json\/wp\/v2\/types\/post"}],"author":[{"embeddable":true,"href":"https:\/\/wp.ufpel.edu.br\/progep\/wp-json\/wp\/v2\/users\/21"}],"replies":[{"embeddable":true,"href":"https:\/\/wp.ufpel.edu.br\/progep\/wp-json\/wp\/v2\/comments?post=6315"}],"version-history":[{"count":3,"href":"https:\/\/wp.ufpel.edu.br\/progep\/wp-json\/wp\/v2\/posts\/6315\/revisions"}],"predecessor-version":[{"id":6320,"href":"https:\/\/wp.ufpel.edu.br\/progep\/wp-json\/wp\/v2\/posts\/6315\/revisions\/6320"}],"wp:attachment":[{"href":"https:\/\/wp.ufpel.edu.br\/progep\/wp-json\/wp\/v2\/media?parent=6315"}],"wp:term":[{"taxonomy":"category","embeddable":true,"href":"https:\/\/wp.ufpel.edu.br\/progep\/wp-json\/wp\/v2\/categories?post=6315"},{"taxonomy":"post_tag","embeddable":true,"href":"https:\/\/wp.ufpel.edu.br\/progep\/wp-json\/wp\/v2\/tags?post=6315"}],"curies":[{"name":"wp","href":"https:\/\/api.w.org\/{rel}","templated":true}]}}