{"id":6183,"date":"2014-07-21T14:33:07","date_gmt":"2014-07-21T17:33:07","guid":{"rendered":"https:\/\/wp.ufpel.edu.br\/progep\/?p=6183"},"modified":"2014-09-12T11:29:04","modified_gmt":"2014-09-12T14:29:04","slug":"servidores-tecnico-administrativos-aprovados-em-estagio-probatorio-10","status":"publish","type":"post","link":"https:\/\/wp.ufpel.edu.br\/progep\/2014\/07\/21\/servidores-tecnico-administrativos-aprovados-em-estagio-probatorio-10\/","title":{"rendered":"Servidores T\u00e9cnico-Administrativos aprovados em Est\u00e1gio Probat\u00f3rio &#8211; Portaria 1333\/14"},"content":{"rendered":"<p>Os servidores t\u00e9cnico-administrativos a seguir relacionados, aprovados no processo avaliativo de Est\u00e1gio Probat\u00f3rio, tiveram confirmada a perman\u00eancia na UFPEL, atrav\u00e9s da Portaria n\u00ba 1333, de 15 de julho de 2014, com efeitos convalidados ao t\u00e9rmino do 36\u00ba m\u00eas de exerc\u00edcio nos cargos.<\/p>\n<p>&nbsp;<\/p>\n<p><strong>Cleber Oliveira de Almeida<\/strong>, Assistente em Administra\u00e7\u00e3o, Faculdade de Nutri\u00e7\u00e3o, a partir de 12\/09\/2014;<\/p>\n<p><strong>Cristiane Cardoso Guidotti<\/strong>, Auxiliar em Administra\u00e7\u00e3o, Centro de Letras e Comunica\u00e7\u00e3o, a partir de 12\/09\/2014;<\/p>\n<p><strong>Daniel Keglis de Sousa<\/strong>, Auxiliar em Administra\u00e7\u00e3o, Centro de Ci\u00eancias Qu\u00edmicas, Farmac\u00eauticas e de Alimentos, a partir de 23\/09\/2014;<\/p>\n<p><strong>Diego Pires Taubner<\/strong>, Auxiliar em Administra\u00e7\u00e3o, Centro de Gerenciamento de Informa\u00e7\u00f5es e Concursos, a partir de 12\/09\/2014;<\/p>\n<p><strong>Giovani Luiz Garcia Constantino<\/strong>, Contador, Pr\u00f3-Reitoria Administrativa, a partir de 22\/09\/2014;<\/p>\n<p><strong>Leonardo Pinto Ortiz<\/strong>, Contador, Pr\u00f3-Reitoria Administrativa, a partir de 14\/09\/2014;<\/p>\n<p><strong>Luis Claudio Pereira Paiva<\/strong>, Assistente em Administra\u00e7\u00e3o, Faculdade de Veterin\u00e1ria, a partir de 18\/08\/2014.<\/p>\n<p>&nbsp;<\/p>\n<p>A Coordena\u00e7\u00e3o de Desenvolvimento de Pessoal\/PROGEP, cumprimenta os servidores t\u00e9cnico-administrativos e coloca-se \u00e0 disposi\u00e7\u00e3o para acompanh\u00e1-los em seu desenvolvimento na carreira.<\/p>\n","protected":false},"excerpt":{"rendered":"<p>Os servidores t\u00e9cnico-administrativos a seguir relacionados, aprovados no processo avaliativo de Est\u00e1gio Probat\u00f3rio, tiveram confirmada a perman\u00eancia na UFPEL, atrav\u00e9s da Portaria n\u00ba 1333, de 15 de julho de 2014, com efeitos convalidados ao t\u00e9rmino do 36\u00ba m\u00eas de exerc\u00edcio nos cargos. &nbsp; Cleber Oliveira de Almeida, Assistente em Administra\u00e7\u00e3o, Faculdade de Nutri\u00e7\u00e3o, a partir [&hellip;]<\/p>\n","protected":false},"author":21,"featured_media":0,"comment_status":"closed","ping_status":"closed","sticky":false,"template":"","format":"standard","meta":{"footnotes":""},"categories":[1],"tags":[],"class_list":["post-6183","post","type-post","status-publish","format-standard","hentry","category-noticias"],"jetpack_featured_media_url":"","_links":{"self":[{"href":"https:\/\/wp.ufpel.edu.br\/progep\/wp-json\/wp\/v2\/posts\/6183","targetHints":{"allow":["GET"]}}],"collection":[{"href":"https:\/\/wp.ufpel.edu.br\/progep\/wp-json\/wp\/v2\/posts"}],"about":[{"href":"https:\/\/wp.ufpel.edu.br\/progep\/wp-json\/wp\/v2\/types\/post"}],"author":[{"embeddable":true,"href":"https:\/\/wp.ufpel.edu.br\/progep\/wp-json\/wp\/v2\/users\/21"}],"replies":[{"embeddable":true,"href":"https:\/\/wp.ufpel.edu.br\/progep\/wp-json\/wp\/v2\/comments?post=6183"}],"version-history":[{"count":7,"href":"https:\/\/wp.ufpel.edu.br\/progep\/wp-json\/wp\/v2\/posts\/6183\/revisions"}],"predecessor-version":[{"id":6609,"href":"https:\/\/wp.ufpel.edu.br\/progep\/wp-json\/wp\/v2\/posts\/6183\/revisions\/6609"}],"wp:attachment":[{"href":"https:\/\/wp.ufpel.edu.br\/progep\/wp-json\/wp\/v2\/media?parent=6183"}],"wp:term":[{"taxonomy":"category","embeddable":true,"href":"https:\/\/wp.ufpel.edu.br\/progep\/wp-json\/wp\/v2\/categories?post=6183"},{"taxonomy":"post_tag","embeddable":true,"href":"https:\/\/wp.ufpel.edu.br\/progep\/wp-json\/wp\/v2\/tags?post=6183"}],"curies":[{"name":"wp","href":"https:\/\/api.w.org\/{rel}","templated":true}]}}