{"id":6179,"date":"2014-07-21T14:31:32","date_gmt":"2014-07-21T17:31:32","guid":{"rendered":"https:\/\/wp.ufpel.edu.br\/progep\/?p=6179"},"modified":"2014-07-21T14:35:00","modified_gmt":"2014-07-21T17:35:00","slug":"servidores-tecnico-administrativos-aprovados-em-estagio-probatorio-9","status":"publish","type":"post","link":"https:\/\/wp.ufpel.edu.br\/progep\/2014\/07\/21\/servidores-tecnico-administrativos-aprovados-em-estagio-probatorio-9\/","title":{"rendered":"Servidores T\u00e9cnico-Administrativos aprovados em Est\u00e1gio Probat\u00f3rio &#8211; Portaria 1006\/14"},"content":{"rendered":"<p><span style=\"font-family: georgia,palatino;font-size: 10pt\">Os servidores t\u00e9cnico-administrativos a seguir relacionados, aprovados no processo avaliativo de Est\u00e1gio Probat\u00f3rio, tiveram confirmada a perman\u00eancia na UFPEL, atrav\u00e9s da Portaria n\u00ba 1006, de 20 de maio de 2014, com efeitos convalidados ao t\u00e9rmino do 36\u00ba m\u00eas de exerc\u00edcio nos cargos.<\/span><\/p>\n<p><span style=\"font-family: georgia,palatino;font-size: 10pt\">\u00a0<\/span><\/p>\n<p><span style=\"font-family: georgia,palatino;font-size: 10pt\"><strong>Claudio Omar Vit\u00f3ria Alves<\/strong>, Assistente em Administra\u00e7\u00e3o, Instituto de Biologia, a partir de 01\/07\/2014;<\/span><\/p>\n<p><span style=\"font-family: georgia,palatino;font-size: 10pt\"><strong>Marcelo Frio Marins<\/strong>, Assistente em Administra\u00e7\u00e3o, Faculdade de Agronomia Eliseu Maciel, a partir de 04\/08\/2014;<\/span><\/p>\n<p><span style=\"font-family: georgia,palatino;font-size: 10pt\"><strong>Vilnei Marins de Freitas das Neves<\/strong>, Analista de Tecnologia da Informa\u00e7\u00e3o, Centro de Desenvolvimento Tecnol\u00f3gico, a partir de 10\/06\/2014.<\/span><\/p>\n<p><span style=\"font-family: georgia,palatino;font-size: 10pt\">\u00a0<\/span><\/p>\n<p><span style=\"font-family: georgia,palatino;font-size: 10pt\">\u00a0<\/span><\/p>\n<p><span style=\"font-family: georgia,palatino;font-size: 10pt\">A Coordena\u00e7\u00e3o de Desenvolvimento de Pessoal\/PROGEP, cumprimenta os servidores t\u00e9cnico-administrativos e coloca-se \u00e0 disposi\u00e7\u00e3o para acompanh\u00e1-los em seu desenvolvimento na carreira.<\/span><\/p>\n<p>&nbsp;<\/p>\n","protected":false},"excerpt":{"rendered":"<p>Os servidores t\u00e9cnico-administrativos a seguir relacionados, aprovados no processo avaliativo de Est\u00e1gio Probat\u00f3rio, tiveram confirmada a perman\u00eancia na UFPEL, atrav\u00e9s da Portaria n\u00ba 1006, de 20 de maio de 2014, com efeitos convalidados ao t\u00e9rmino do 36\u00ba m\u00eas de exerc\u00edcio nos cargos. \u00a0 Claudio Omar Vit\u00f3ria Alves, Assistente em Administra\u00e7\u00e3o, Instituto de Biologia, a partir [&hellip;]<\/p>\n","protected":false},"author":21,"featured_media":0,"comment_status":"closed","ping_status":"closed","sticky":false,"template":"","format":"standard","meta":{"footnotes":""},"categories":[1],"tags":[],"class_list":["post-6179","post","type-post","status-publish","format-standard","hentry","category-noticias"],"jetpack_featured_media_url":"","_links":{"self":[{"href":"https:\/\/wp.ufpel.edu.br\/progep\/wp-json\/wp\/v2\/posts\/6179","targetHints":{"allow":["GET"]}}],"collection":[{"href":"https:\/\/wp.ufpel.edu.br\/progep\/wp-json\/wp\/v2\/posts"}],"about":[{"href":"https:\/\/wp.ufpel.edu.br\/progep\/wp-json\/wp\/v2\/types\/post"}],"author":[{"embeddable":true,"href":"https:\/\/wp.ufpel.edu.br\/progep\/wp-json\/wp\/v2\/users\/21"}],"replies":[{"embeddable":true,"href":"https:\/\/wp.ufpel.edu.br\/progep\/wp-json\/wp\/v2\/comments?post=6179"}],"version-history":[{"count":4,"href":"https:\/\/wp.ufpel.edu.br\/progep\/wp-json\/wp\/v2\/posts\/6179\/revisions"}],"predecessor-version":[{"id":6189,"href":"https:\/\/wp.ufpel.edu.br\/progep\/wp-json\/wp\/v2\/posts\/6179\/revisions\/6189"}],"wp:attachment":[{"href":"https:\/\/wp.ufpel.edu.br\/progep\/wp-json\/wp\/v2\/media?parent=6179"}],"wp:term":[{"taxonomy":"category","embeddable":true,"href":"https:\/\/wp.ufpel.edu.br\/progep\/wp-json\/wp\/v2\/categories?post=6179"},{"taxonomy":"post_tag","embeddable":true,"href":"https:\/\/wp.ufpel.edu.br\/progep\/wp-json\/wp\/v2\/tags?post=6179"}],"curies":[{"name":"wp","href":"https:\/\/api.w.org\/{rel}","templated":true}]}}