{"id":6113,"date":"2014-06-30T12:39:14","date_gmt":"2014-06-30T15:39:14","guid":{"rendered":"https:\/\/wp.ufpel.edu.br\/progep\/?p=6113"},"modified":"2014-06-30T12:40:13","modified_gmt":"2014-06-30T15:40:13","slug":"novos-servidores-orientados-sobre-estagio-probatorio","status":"publish","type":"post","link":"https:\/\/wp.ufpel.edu.br\/progep\/2014\/06\/30\/novos-servidores-orientados-sobre-estagio-probatorio\/","title":{"rendered":"Novos servidores orientados sobre Est\u00e1gio Probat\u00f3rio"},"content":{"rendered":"<p>O N\u00facleo de Avalia\u00e7\u00e3o e Acompanhamento Funcional da CDP\/PROGEP promoveu, nos dias 25 e 26 de junho,\u00a0 reuni\u00f5es de orienta\u00e7\u00e3o sobre Est\u00e1gio Probat\u00f3rio com servidores t\u00e9cnico-administrativos rec\u00e9m empossados. O objetivo da atividade foi informar sobre aspectos legais e institucionais do per\u00edodo confirmat\u00f3rio. Al\u00e9m dessa integra\u00e7\u00e3o do grupo \u00e0 proposta metodol\u00f3gica do processo avaliativo na UFPEL, os participantes tamb\u00e9m desenvolveram reflex\u00f5es sobre a dimens\u00e3o \u00e9tica no desempenho do cargo p\u00fablico.<\/p>\n<p>&nbsp;<\/p>\n<div id=\"attachment_6115\" style=\"width: 434px\" class=\"wp-caption aligncenter\"><a href=\"https:\/\/wp.ufpel.edu.br\/progep\/files\/2014\/06\/20140625_160428.jpg\"><img aria-describedby=\"caption-attachment-6115\" class=\"size-medium wp-image-6115\" src=\"https:\/\/wp.ufpel.edu.br\/progep\/files\/2014\/06\/20140625_160428-424x318.jpg\" alt=\"Encontro de 25\/06\/14\" width=\"424\" height=\"318\" srcset=\"https:\/\/wp.ufpel.edu.br\/progep\/files\/2014\/06\/20140625_160428-424x318.jpg 424w, https:\/\/wp.ufpel.edu.br\/progep\/files\/2014\/06\/20140625_160428-212x159.jpg 212w, https:\/\/wp.ufpel.edu.br\/progep\/files\/2014\/06\/20140625_160428.jpg 2048w\" sizes=\"(max-width: 424px) 100vw, 424px\" \/><\/a><p id=\"caption-attachment-6115\" class=\"wp-caption-text\">Encontro de 25\/06\/14<\/p><\/div>\n<div id=\"attachment_6116\" style=\"width: 434px\" class=\"wp-caption aligncenter\"><a href=\"https:\/\/wp.ufpel.edu.br\/progep\/files\/2014\/06\/20140626_162226.jpg\"><img aria-describedby=\"caption-attachment-6116\" class=\"size-medium wp-image-6116\" src=\"https:\/\/wp.ufpel.edu.br\/progep\/files\/2014\/06\/20140626_162226-424x318.jpg\" alt=\"Encontro de 26\/06\/14\" width=\"424\" height=\"318\" srcset=\"https:\/\/wp.ufpel.edu.br\/progep\/files\/2014\/06\/20140626_162226-424x318.jpg 424w, https:\/\/wp.ufpel.edu.br\/progep\/files\/2014\/06\/20140626_162226-212x159.jpg 212w, https:\/\/wp.ufpel.edu.br\/progep\/files\/2014\/06\/20140626_162226.jpg 2048w\" sizes=\"(max-width: 424px) 100vw, 424px\" \/><\/a><p id=\"caption-attachment-6116\" class=\"wp-caption-text\">Encontro de 26\/06\/14<\/p><\/div>\n<p>&nbsp;<\/p>\n","protected":false},"excerpt":{"rendered":"<p>O N\u00facleo de Avalia\u00e7\u00e3o e Acompanhamento Funcional da CDP\/PROGEP promoveu, nos dias 25 e 26 de junho,\u00a0 reuni\u00f5es de orienta\u00e7\u00e3o sobre Est\u00e1gio Probat\u00f3rio com servidores t\u00e9cnico-administrativos rec\u00e9m empossados. O objetivo da atividade foi informar sobre aspectos legais e institucionais do per\u00edodo confirmat\u00f3rio. Al\u00e9m dessa integra\u00e7\u00e3o do grupo \u00e0 proposta metodol\u00f3gica do processo avaliativo na UFPEL, [&hellip;]<\/p>\n","protected":false},"author":21,"featured_media":0,"comment_status":"closed","ping_status":"closed","sticky":false,"template":"","format":"standard","meta":{"footnotes":""},"categories":[1],"tags":[],"class_list":["post-6113","post","type-post","status-publish","format-standard","hentry","category-noticias"],"jetpack_featured_media_url":"","_links":{"self":[{"href":"https:\/\/wp.ufpel.edu.br\/progep\/wp-json\/wp\/v2\/posts\/6113","targetHints":{"allow":["GET"]}}],"collection":[{"href":"https:\/\/wp.ufpel.edu.br\/progep\/wp-json\/wp\/v2\/posts"}],"about":[{"href":"https:\/\/wp.ufpel.edu.br\/progep\/wp-json\/wp\/v2\/types\/post"}],"author":[{"embeddable":true,"href":"https:\/\/wp.ufpel.edu.br\/progep\/wp-json\/wp\/v2\/users\/21"}],"replies":[{"embeddable":true,"href":"https:\/\/wp.ufpel.edu.br\/progep\/wp-json\/wp\/v2\/comments?post=6113"}],"version-history":[{"count":1,"href":"https:\/\/wp.ufpel.edu.br\/progep\/wp-json\/wp\/v2\/posts\/6113\/revisions"}],"predecessor-version":[{"id":6117,"href":"https:\/\/wp.ufpel.edu.br\/progep\/wp-json\/wp\/v2\/posts\/6113\/revisions\/6117"}],"wp:attachment":[{"href":"https:\/\/wp.ufpel.edu.br\/progep\/wp-json\/wp\/v2\/media?parent=6113"}],"wp:term":[{"taxonomy":"category","embeddable":true,"href":"https:\/\/wp.ufpel.edu.br\/progep\/wp-json\/wp\/v2\/categories?post=6113"},{"taxonomy":"post_tag","embeddable":true,"href":"https:\/\/wp.ufpel.edu.br\/progep\/wp-json\/wp\/v2\/tags?post=6113"}],"curies":[{"name":"wp","href":"https:\/\/api.w.org\/{rel}","templated":true}]}}