{"id":5917,"date":"2014-05-02T10:43:30","date_gmt":"2014-05-02T13:43:30","guid":{"rendered":"https:\/\/wp.ufpel.edu.br\/progep\/?p=5917"},"modified":"2014-05-02T10:45:42","modified_gmt":"2014-05-02T13:45:42","slug":"cdp-promove-encontro-de-servidores-iniciantes","status":"publish","type":"post","link":"https:\/\/wp.ufpel.edu.br\/progep\/2014\/05\/02\/cdp-promove-encontro-de-servidores-iniciantes\/","title":{"rendered":"CDP-PROGEP promove Encontro de servidores iniciantes"},"content":{"rendered":"<div id=\"attachment_5918\" style=\"width: 434px\" class=\"wp-caption aligncenter\"><a href=\"https:\/\/wp.ufpel.edu.br\/progep\/files\/2014\/05\/IMG_1131.jpg\"><img aria-describedby=\"caption-attachment-5918\" class=\"wp-image-5918 \" src=\"https:\/\/wp.ufpel.edu.br\/progep\/files\/2014\/05\/IMG_1131-424x282.jpg\" alt=\"IMG_1131\" width=\"424\" height=\"287\" \/><\/a><p id=\"caption-attachment-5918\" class=\"wp-caption-text\">O N\u00facleo de Avalia\u00e7\u00e3o e Acompanhamento Funcional da CDP\/PROGEP promoveu, no \u00faltimo dia 30 de abril, reuni\u00e3o de orienta\u00e7\u00e3o sobre Est\u00e1gio Probat\u00f3rio para servidores t\u00e9cnico-administrativos rec\u00e9m empossados. O objetivo da atividade foi informar sobre aspectos legais e institucionais do per\u00edodo confirmat\u00f3rio. Al\u00e9m dessa integra\u00e7\u00e3o do grupo \u00e0 proposta metodol\u00f3gica do processo avaliativo na UFPEL, os participantes tamb\u00e9m desenvolveram reflex\u00f5es sobre a dimens\u00e3o \u00e9tica no desempenho do cargo p\u00fablico.<\/p><\/div>\n<p>&nbsp;<\/p>\n<p>&nbsp;<\/p>\n<p>&nbsp;<\/p>\n","protected":false},"excerpt":{"rendered":"<p>&nbsp; &nbsp; &nbsp;<\/p>\n","protected":false},"author":21,"featured_media":0,"comment_status":"closed","ping_status":"closed","sticky":false,"template":"","format":"standard","meta":{"footnotes":""},"categories":[1],"tags":[],"class_list":["post-5917","post","type-post","status-publish","format-standard","hentry","category-noticias"],"jetpack_featured_media_url":"","_links":{"self":[{"href":"https:\/\/wp.ufpel.edu.br\/progep\/wp-json\/wp\/v2\/posts\/5917","targetHints":{"allow":["GET"]}}],"collection":[{"href":"https:\/\/wp.ufpel.edu.br\/progep\/wp-json\/wp\/v2\/posts"}],"about":[{"href":"https:\/\/wp.ufpel.edu.br\/progep\/wp-json\/wp\/v2\/types\/post"}],"author":[{"embeddable":true,"href":"https:\/\/wp.ufpel.edu.br\/progep\/wp-json\/wp\/v2\/users\/21"}],"replies":[{"embeddable":true,"href":"https:\/\/wp.ufpel.edu.br\/progep\/wp-json\/wp\/v2\/comments?post=5917"}],"version-history":[{"count":4,"href":"https:\/\/wp.ufpel.edu.br\/progep\/wp-json\/wp\/v2\/posts\/5917\/revisions"}],"predecessor-version":[{"id":5923,"href":"https:\/\/wp.ufpel.edu.br\/progep\/wp-json\/wp\/v2\/posts\/5917\/revisions\/5923"}],"wp:attachment":[{"href":"https:\/\/wp.ufpel.edu.br\/progep\/wp-json\/wp\/v2\/media?parent=5917"}],"wp:term":[{"taxonomy":"category","embeddable":true,"href":"https:\/\/wp.ufpel.edu.br\/progep\/wp-json\/wp\/v2\/categories?post=5917"},{"taxonomy":"post_tag","embeddable":true,"href":"https:\/\/wp.ufpel.edu.br\/progep\/wp-json\/wp\/v2\/tags?post=5917"}],"curies":[{"name":"wp","href":"https:\/\/api.w.org\/{rel}","templated":true}]}}