{"id":5838,"date":"2014-04-23T17:49:27","date_gmt":"2014-04-23T20:49:27","guid":{"rendered":"https:\/\/wp.ufpel.edu.br\/progep\/?p=5838"},"modified":"2014-09-05T17:20:13","modified_gmt":"2014-09-05T20:20:13","slug":"selecao-de-estagiarios-homologacao-das-inscricoes","status":"publish","type":"post","link":"https:\/\/wp.ufpel.edu.br\/progep\/2014\/04\/23\/selecao-de-estagiarios-homologacao-das-inscricoes\/","title":{"rendered":"Sele\u00e7\u00e3o de Estagi\u00e1rios &#8211; Homologa\u00e7\u00e3o das Inscri\u00e7\u00f5es"},"content":{"rendered":"<p>A Universidade Federal de Pelotas, atrav\u00e9s da Pr\u00f3-Reitoria de Gest\u00e3o de Pessoas &#8211; PROGEP,<br \/>\nhomologa as inscri\u00e7\u00f5es para o Processo de Sele\u00e7\u00e3o de Estagi\u00e1rios para est\u00e1gio n\u00e3o obrigat\u00f3rio<br \/>\n&#8211; Edital n\u00ba 01\/2014, conforme segue:<\/p>\n<p><span style=\"color: #0000ff\"><a href=\"https:\/\/wp.ufpel.edu.br\/progep\/files\/2014\/04\/Edital-n\u00ba-02_2014-Homologa\u00e7\u00e3o-das-inscri\u00e7\u00f5es-para-est\u00e1gios.pdf\"><span style=\"color: #0000ff\">Edital n\u00ba 02.2014 Homologa\u00e7\u00e3o das Inscri\u00e7\u00f5es<\/span><\/a><\/span><\/p>\n","protected":false},"excerpt":{"rendered":"<p>A Universidade Federal de Pelotas, atrav\u00e9s da Pr\u00f3-Reitoria de Gest\u00e3o de Pessoas &#8211; PROGEP, homologa as inscri\u00e7\u00f5es para o Processo de Sele\u00e7\u00e3o de Estagi\u00e1rios para est\u00e1gio n\u00e3o obrigat\u00f3rio &#8211; Edital n\u00ba 01\/2014, conforme segue: Edital n\u00ba 02.2014 Homologa\u00e7\u00e3o das Inscri\u00e7\u00f5es<\/p>\n","protected":false},"author":52,"featured_media":0,"comment_status":"closed","ping_status":"closed","sticky":false,"template":"","format":"standard","meta":{"footnotes":""},"categories":[1],"tags":[],"class_list":["post-5838","post","type-post","status-publish","format-standard","hentry","category-noticias"],"jetpack_featured_media_url":"","_links":{"self":[{"href":"https:\/\/wp.ufpel.edu.br\/progep\/wp-json\/wp\/v2\/posts\/5838","targetHints":{"allow":["GET"]}}],"collection":[{"href":"https:\/\/wp.ufpel.edu.br\/progep\/wp-json\/wp\/v2\/posts"}],"about":[{"href":"https:\/\/wp.ufpel.edu.br\/progep\/wp-json\/wp\/v2\/types\/post"}],"author":[{"embeddable":true,"href":"https:\/\/wp.ufpel.edu.br\/progep\/wp-json\/wp\/v2\/users\/52"}],"replies":[{"embeddable":true,"href":"https:\/\/wp.ufpel.edu.br\/progep\/wp-json\/wp\/v2\/comments?post=5838"}],"version-history":[{"count":2,"href":"https:\/\/wp.ufpel.edu.br\/progep\/wp-json\/wp\/v2\/posts\/5838\/revisions"}],"predecessor-version":[{"id":5841,"href":"https:\/\/wp.ufpel.edu.br\/progep\/wp-json\/wp\/v2\/posts\/5838\/revisions\/5841"}],"wp:attachment":[{"href":"https:\/\/wp.ufpel.edu.br\/progep\/wp-json\/wp\/v2\/media?parent=5838"}],"wp:term":[{"taxonomy":"category","embeddable":true,"href":"https:\/\/wp.ufpel.edu.br\/progep\/wp-json\/wp\/v2\/categories?post=5838"},{"taxonomy":"post_tag","embeddable":true,"href":"https:\/\/wp.ufpel.edu.br\/progep\/wp-json\/wp\/v2\/tags?post=5838"}],"curies":[{"name":"wp","href":"https:\/\/api.w.org\/{rel}","templated":true}]}}