{"id":5339,"date":"2014-01-30T12:04:02","date_gmt":"2014-01-30T14:04:02","guid":{"rendered":"https:\/\/wp.ufpel.edu.br\/prgrh\/?p=5339"},"modified":"2014-02-27T11:13:31","modified_gmt":"2014-02-27T14:13:31","slug":"expediente-interno-em-fevereiro","status":"publish","type":"post","link":"https:\/\/wp.ufpel.edu.br\/progep\/2014\/01\/30\/expediente-interno-em-fevereiro\/","title":{"rendered":"Expediente interno em fevereiro"},"content":{"rendered":"<p>A Coordena\u00e7\u00e3o de Desenvolvimento de Pessoal informa aos servidores que estar\u00e1 em <span style=\"text-decoration: underline\"><strong>expediente interno<\/strong><\/span> nos pr\u00f3ximos dias <strong>03,04 e 05<\/strong> de fevereiro (segunda, ter\u00e7a e quarta-feira) a fim de proceder a an\u00e1lise dos processos que implicam em inclus\u00e3o na folha de pagamento.<\/p>\n<p>Contatos poder\u00e3o ser realizados atrav\u00e9s do e-mail: cdp.ufpel@gmail.com<\/p>\n","protected":false},"excerpt":{"rendered":"<p>A Coordena\u00e7\u00e3o de Desenvolvimento de Pessoal informa aos servidores que estar\u00e1 em expediente interno nos pr\u00f3ximos dias 03,04 e 05 de fevereiro (segunda, ter\u00e7a e quarta-feira) a fim de proceder a an\u00e1lise dos processos que implicam em inclus\u00e3o na folha de pagamento. Contatos poder\u00e3o ser realizados atrav\u00e9s do e-mail: cdp.ufpel@gmail.com<\/p>\n","protected":false},"author":21,"featured_media":0,"comment_status":"closed","ping_status":"closed","sticky":false,"template":"","format":"standard","meta":{"footnotes":""},"categories":[1],"tags":[],"class_list":["post-5339","post","type-post","status-publish","format-standard","hentry","category-noticias"],"jetpack_featured_media_url":"","_links":{"self":[{"href":"https:\/\/wp.ufpel.edu.br\/progep\/wp-json\/wp\/v2\/posts\/5339","targetHints":{"allow":["GET"]}}],"collection":[{"href":"https:\/\/wp.ufpel.edu.br\/progep\/wp-json\/wp\/v2\/posts"}],"about":[{"href":"https:\/\/wp.ufpel.edu.br\/progep\/wp-json\/wp\/v2\/types\/post"}],"author":[{"embeddable":true,"href":"https:\/\/wp.ufpel.edu.br\/progep\/wp-json\/wp\/v2\/users\/21"}],"replies":[{"embeddable":true,"href":"https:\/\/wp.ufpel.edu.br\/progep\/wp-json\/wp\/v2\/comments?post=5339"}],"version-history":[{"count":3,"href":"https:\/\/wp.ufpel.edu.br\/progep\/wp-json\/wp\/v2\/posts\/5339\/revisions"}],"predecessor-version":[{"id":5342,"href":"https:\/\/wp.ufpel.edu.br\/progep\/wp-json\/wp\/v2\/posts\/5339\/revisions\/5342"}],"wp:attachment":[{"href":"https:\/\/wp.ufpel.edu.br\/progep\/wp-json\/wp\/v2\/media?parent=5339"}],"wp:term":[{"taxonomy":"category","embeddable":true,"href":"https:\/\/wp.ufpel.edu.br\/progep\/wp-json\/wp\/v2\/categories?post=5339"},{"taxonomy":"post_tag","embeddable":true,"href":"https:\/\/wp.ufpel.edu.br\/progep\/wp-json\/wp\/v2\/tags?post=5339"}],"curies":[{"name":"wp","href":"https:\/\/api.w.org\/{rel}","templated":true}]}}