{"id":5329,"date":"2014-01-29T15:48:21","date_gmt":"2014-01-29T17:48:21","guid":{"rendered":"https:\/\/wp.ufpel.edu.br\/prgrh\/?p=5329"},"modified":"2014-04-07T16:52:25","modified_gmt":"2014-04-07T19:52:25","slug":"servidores-docentes-aprovados-no-estagio-probatorio-2","status":"publish","type":"post","link":"https:\/\/wp.ufpel.edu.br\/progep\/2014\/01\/29\/servidores-docentes-aprovados-no-estagio-probatorio-2\/","title":{"rendered":"Servidores Docentes aprovados no Est\u00e1gio Probat\u00f3rio"},"content":{"rendered":"<p><!--[if gte mso 9]&gt;--><\/p>\n<p style=\"text-align: justify\"><!--[if gte mso 9]&gt;--><\/p>\n<p class=\"MsoNormal\" style=\"line-height: 150%\"><!--[if gte mso 9]&gt;--><\/p>\n<p class=\"MsoNormal\" style=\"line-height: 150%\"><!--[if gte mso 9]&gt;--><\/p>\n<p class=\"MsoNormal\" style=\"text-align: justify;line-height: 150%\"><span style=\"font-size: 11.0pt;line-height: 150%;font-family: 'Verdana','sans-serif'\">A Coordena\u00e7\u00e3o de Desenvolvimento de Pessoal\/PROGEP, atrav\u00e9s do N\u00facleo de Avalia\u00e7\u00e3o e Acompanhamento Funcional, informa que os servidores docentes a seguir relacionados, aprovados em processo avaliativo de Est\u00e1gio Probat\u00f3rio, tiveram confirmada a perman\u00eancia na UFPEL:<\/span><\/p>\n<p class=\"MsoNormal\" style=\"text-align: justify;line-height: 150%\"><span style=\"font-size: 11.0pt;line-height: 150%;font-family: 'Verdana','sans-serif'\">\u00a0<\/span><em><b><span style=\"text-decoration: underline\"><span style=\"font-size: 11pt;line-height: 150%;font-family: 'Verdana','sans-serif'\">Portaria n\u00ba 2655, de 18 de dezembro de 2013<\/span><\/span><\/b><b><span style=\"font-size: 11pt;line-height: 150%;font-family: 'Verdana','sans-serif'\">:<\/span><\/b><\/em><\/p>\n<p class=\"MsoNormal\" style=\"text-align: justify;line-height: 150%\"><b><span style=\"font-size: 11.0pt;line-height: 150%;font-family: 'Verdana','sans-serif'\">Alcides Gomes Neto<\/span><\/b><span style=\"font-size: 11.0pt;line-height: 150%;font-family: 'Verdana','sans-serif'\">, Professor Auxiliar, Faculdade de Nutri\u00e7\u00e3o;<\/span><\/p>\n<p class=\"MsoNormal\" style=\"text-align: justify;line-height: 150%\"><b><span style=\"font-size: 11.0pt;line-height: 150%;font-family: 'Verdana','sans-serif'\">Angela Nediane dos Santos<\/span><\/b><span style=\"font-size: 11.0pt;line-height: 150%;font-family: 'Verdana','sans-serif'\">, Professor Assistente, Centro de Letras e Comunica\u00e7\u00e3o;<\/span><\/p>\n<p class=\"MsoNormal\" style=\"text-align: justify;line-height: 150%\"><b><span style=\"font-size: 11.0pt;line-height: 150%;font-family: 'Verdana','sans-serif'\">Cleide In\u00eas Wittke<\/span><\/b><span style=\"font-size: 11.0pt;line-height: 150%;font-family: 'Verdana','sans-serif'\">, Professor Adjunto, Centro de Letras e Comunica\u00e7\u00e3o;<\/span><\/p>\n<p class=\"MsoNormal\" style=\"text-align: justify;line-height: 150%\"><b><span style=\"font-size: 11.0pt;line-height: 150%;font-family: 'Verdana','sans-serif'\">Elizabete Helbig<\/span><\/b><span style=\"font-size: 11.0pt;line-height: 150%;font-family: 'Verdana','sans-serif'\">, Professor Adjunto, Faculdade de Nutri\u00e7\u00e3o;<\/span><\/p>\n<p class=\"MsoNormal\" style=\"text-align: justify;line-height: 150%\"><b><span style=\"font-size: 11.0pt;line-height: 150%;font-family: 'Verdana','sans-serif'\">Gerson Geraldo Homrich Cavalheiro<\/span><\/b><span style=\"font-size: 11.0pt;line-height: 150%;font-family: 'Verdana','sans-serif'\">, Professor Adjunto, Centro de Desenvolvimento Tecnol\u00f3gico;<\/span><\/p>\n<p class=\"MsoNormal\" style=\"text-align: justify;line-height: 150%\"><b><span style=\"font-size: 11.0pt;line-height: 150%;font-family: 'Verdana','sans-serif'\">Gicele Costa Mintem<\/span><\/b><span style=\"font-size: 11.0pt;line-height: 150%;font-family: 'Verdana','sans-serif'\">, Professor Assistente, Faculdade de Nutri\u00e7\u00e3o;<\/span><\/p>\n<p class=\"MsoNormal\" style=\"text-align: justify;line-height: 150%\"><b><span style=\"font-size: 11.0pt;line-height: 150%;font-family: 'Verdana','sans-serif'\">Ivana Loraine Lindemann<\/span><\/b><span style=\"font-size: 11.0pt;line-height: 150%;font-family: 'Verdana','sans-serif'\">, Professor Assistente, Faculdade de Nutri\u00e7\u00e3o;<\/span><\/p>\n<p class=\"MsoNormal\" style=\"text-align: justify;line-height: 150%\"><b><span style=\"font-size: 11.0pt;line-height: 150%;font-family: 'Verdana','sans-serif'\">Jozi Fagundes de Mello<\/span><\/b><span style=\"font-size: 11.0pt;line-height: 150%;font-family: 'Verdana','sans-serif'\">, <span>\u00a0<\/span>Professor Adjunto, Faculdade de Nutri\u00e7\u00e3o;<\/span><\/p>\n<p class=\"MsoNormal\" style=\"text-align: justify;line-height: 150%\"><b><span style=\"font-size: 11.0pt;line-height: 150%;font-family: 'Verdana','sans-serif'\">Kelly Lameiro Rodrigues<\/span><\/b><span style=\"font-size: 11.0pt;line-height: 150%;font-family: 'Verdana','sans-serif'\">, Professor Adjunto, Faculdade de Nutri\u00e7\u00e3o;<\/span><\/p>\n<p class=\"MsoNormal\" style=\"text-align: justify;line-height: 150%\"><b><span style=\"font-size: 11.0pt;line-height: 150%;font-family: 'Verdana','sans-serif'\">Leomar Soares da Rosa J\u00fanior<\/span><\/b><span style=\"font-size: 11.0pt;line-height: 150%;font-family: 'Verdana','sans-serif'\">, Professor Adjunto, Centro de Desenvolvimento Tecnol\u00f3gico;<\/span><\/p>\n<p class=\"MsoNormal\" style=\"text-align: justify;line-height: 150%\"><b><span style=\"font-size: 11.0pt;line-height: 150%;font-family: 'Verdana','sans-serif'\">Let\u00edcia Mascarenhas Pereira Barbosa<\/span><\/b><span style=\"font-size: 11.0pt;line-height: 150%;font-family: 'Verdana','sans-serif'\">, Professor Adjunto, Faculdade de Nutri\u00e7\u00e3o;<\/span><\/p>\n<p class=\"MsoNormal\" style=\"text-align: justify;line-height: 150%\"><b><span style=\"font-size: 11.0pt;line-height: 150%;font-family: 'Verdana','sans-serif'\">L\u00facia Rota Borges<\/span><\/b><span style=\"font-size: 11.0pt;line-height: 150%;font-family: 'Verdana','sans-serif'\">, Professor Adjunto, Faculdade de Nutri\u00e7\u00e3o;<\/span><\/p>\n<p class=\"MsoNormal\" style=\"text-align: justify;line-height: 150%\"><b><span style=\"font-size: 11.0pt;line-height: 150%;font-family: 'Verdana','sans-serif'\">Luciana Bicca Dode<\/span><\/b><span style=\"font-size: 11.0pt;line-height: 150%;font-family: 'Verdana','sans-serif'\">, Professor Adjunto, Centro de Desenvolvimento Tecnol\u00f3gico;<\/span><\/p>\n<p class=\"MsoNormal\" style=\"text-align: justify;line-height: 150%\"><b><span style=\"font-size: 11.0pt;line-height: 150%;font-family: 'Verdana','sans-serif'\">Maria Nilse Schneider<\/span><\/b><span style=\"font-size: 11.0pt;line-height: 150%;font-family: 'Verdana','sans-serif'\">, Professor Adjunto, Centro de Letras e Comunica\u00e7\u00e3o;<\/span><\/p>\n<p class=\"MsoNormal\" style=\"text-align: justify;line-height: 150%\"><b><span style=\"font-size: 11.0pt;line-height: 150%;font-family: 'Verdana','sans-serif'\">Mauro Fernando Ferreira<\/span><\/b><span style=\"font-size: 11.0pt;line-height: 150%;font-family: 'Verdana','sans-serif'\">, Professor Adjunto, Faculdade de Agronomia Eliseu Maciel;<\/span><\/p>\n<p class=\"MsoNormal\" style=\"text-align: justify;line-height: 150%\"><b><span style=\"font-size: 11.0pt;line-height: 150%;font-family: 'Verdana','sans-serif'\">Michele Negrini,<\/span><\/b><span style=\"font-size: 11.0pt;line-height: 150%;font-family: 'Verdana','sans-serif'\"> Professor Adjunto, Centro de Letras e Comunica\u00e7\u00e3o;<\/span><\/p>\n<p class=\"MsoNormal\" style=\"text-align: justify;line-height: 150%\"><b><span style=\"font-size: 11.0pt;line-height: 150%;font-family: 'Verdana','sans-serif'\">Ricardo Zimmermann Fiegenbaum<\/span><\/b><span style=\"font-size: 11.0pt;line-height: 150%;font-family: 'Verdana','sans-serif'\">, Professor Adjunto, Centro de Letras e Comunica\u00e7\u00e3o;<\/span><\/p>\n<p class=\"MsoNormal\" style=\"text-align: justify;line-height: 150%\"><b><span style=\"font-size: 11.0pt;line-height: 150%;font-family: 'Verdana','sans-serif'\">Roberto Lilles Tavares Machado<\/span><\/b><span style=\"font-size: 11.0pt;line-height: 150%;font-family: 'Verdana','sans-serif'\">, Professor Adjunto, Faculdade de Agronomia Eliseu Maciel;<\/span><\/p>\n<p class=\"MsoNormal\" style=\"text-align: justify;line-height: 150%\"><b><span style=\"font-size: 11.0pt;line-height: 150%;font-family: 'Verdana','sans-serif'\">Rodrigo Rizzi<\/span><\/b><span style=\"font-size: 11.0pt;line-height: 150%;font-family: 'Verdana','sans-serif'\">, Professor Adjunto, Faculdade de Agronomia Eliseu Maciel;<\/span><\/p>\n<p class=\"MsoNormal\" style=\"text-align: justify;line-height: 150%\"><b><span style=\"font-size: 11.0pt;line-height: 150%;font-family: 'Verdana','sans-serif'\">Silvana Paiva Orlandi<\/span><\/b><span style=\"font-size: 11.0pt;line-height: 150%;font-family: 'Verdana','sans-serif'\">, Professor Assistente, Faculdade de Nutri\u00e7\u00e3o.<\/span><\/p>\n<p class=\"MsoNormal\" style=\"text-align: justify;line-height: 150%\"><span style=\"font-size: 11.0pt;line-height: 150%;font-family: 'Verdana','sans-serif'\">\u00a0<\/span><\/p>\n<p class=\"MsoNormal\" style=\"text-align: justify;line-height: 150%\"><em><b><span style=\"text-decoration: underline\"><span style=\"font-size: 11pt;line-height: 150%;font-family: 'Verdana','sans-serif'\">Portaria 134, de 16 de janeiro de 2014<\/span><\/span><\/b><b><span style=\"font-size: 11pt;line-height: 150%;font-family: 'Verdana','sans-serif'\">:<\/span><\/b><\/em><\/p>\n<p class=\"MsoNormal\" style=\"text-align: justify\"><b><span style=\"font-size: 11.0pt;font-family: 'Verdana','sans-serif';color: black\">\u00a0Graziele Guimar\u00e3es Granada<\/span><\/b><span style=\"font-size: 11.0pt;font-family: 'Verdana','sans-serif';color: black\">, Professor Assistente, Faculdade de Nutri\u00e7\u00e3o, a partir de 15\/02\/2014;<\/span><\/p>\n<p class=\"MsoNormal\" style=\"text-align: justify\"><span style=\"font-size: 11.0pt;font-family: 'Verdana','sans-serif';color: black\">\u00a0<\/span><b><span style=\"font-size: 11.0pt;font-family: 'Verdana','sans-serif';color: black\">Samanta Winck Madruga<\/span><\/b><span style=\"font-size: 11.0pt;font-family: 'Verdana','sans-serif';color: black\">, Professor Adjunto, Faculdade de Nutri\u00e7\u00e3o, a partir de 08\/02\/2014.<\/span><\/p>\n","protected":false},"excerpt":{"rendered":"<p>A Coordena\u00e7\u00e3o de Desenvolvimento de Pessoal\/PROGEP, atrav\u00e9s do N\u00facleo de Avalia\u00e7\u00e3o e Acompanhamento Funcional, informa que os servidores docentes a seguir relacionados, aprovados em processo avaliativo de Est\u00e1gio Probat\u00f3rio, tiveram confirmada a perman\u00eancia na UFPEL: \u00a0Portaria n\u00ba 2655, de 18 de dezembro de 2013: Alcides Gomes Neto, Professor Auxiliar, Faculdade de Nutri\u00e7\u00e3o; Angela Nediane dos [&hellip;]<\/p>\n","protected":false},"author":21,"featured_media":0,"comment_status":"closed","ping_status":"closed","sticky":false,"template":"","format":"standard","meta":{"footnotes":""},"categories":[1],"tags":[],"class_list":["post-5329","post","type-post","status-publish","format-standard","hentry","category-noticias"],"jetpack_featured_media_url":"","_links":{"self":[{"href":"https:\/\/wp.ufpel.edu.br\/progep\/wp-json\/wp\/v2\/posts\/5329","targetHints":{"allow":["GET"]}}],"collection":[{"href":"https:\/\/wp.ufpel.edu.br\/progep\/wp-json\/wp\/v2\/posts"}],"about":[{"href":"https:\/\/wp.ufpel.edu.br\/progep\/wp-json\/wp\/v2\/types\/post"}],"author":[{"embeddable":true,"href":"https:\/\/wp.ufpel.edu.br\/progep\/wp-json\/wp\/v2\/users\/21"}],"replies":[{"embeddable":true,"href":"https:\/\/wp.ufpel.edu.br\/progep\/wp-json\/wp\/v2\/comments?post=5329"}],"version-history":[{"count":5,"href":"https:\/\/wp.ufpel.edu.br\/progep\/wp-json\/wp\/v2\/posts\/5329\/revisions"}],"predecessor-version":[{"id":5335,"href":"https:\/\/wp.ufpel.edu.br\/progep\/wp-json\/wp\/v2\/posts\/5329\/revisions\/5335"}],"wp:attachment":[{"href":"https:\/\/wp.ufpel.edu.br\/progep\/wp-json\/wp\/v2\/media?parent=5329"}],"wp:term":[{"taxonomy":"category","embeddable":true,"href":"https:\/\/wp.ufpel.edu.br\/progep\/wp-json\/wp\/v2\/categories?post=5329"},{"taxonomy":"post_tag","embeddable":true,"href":"https:\/\/wp.ufpel.edu.br\/progep\/wp-json\/wp\/v2\/tags?post=5329"}],"curies":[{"name":"wp","href":"https:\/\/api.w.org\/{rel}","templated":true}]}}