{"id":4744,"date":"2013-09-25T11:47:57","date_gmt":"2013-09-25T14:47:57","guid":{"rendered":"https:\/\/wp.ufpel.edu.br\/prgrh\/?p=4744"},"modified":"2013-10-04T09:04:34","modified_gmt":"2013-10-04T12:04:34","slug":"novas-acoes-de-capacitacao-outubro-2013-2","status":"publish","type":"post","link":"https:\/\/wp.ufpel.edu.br\/progep\/2013\/09\/25\/novas-acoes-de-capacitacao-outubro-2013-2\/","title":{"rendered":"Novas A\u00e7\u00f5es de Capacita\u00e7\u00e3o\/ Outubro 2013"},"content":{"rendered":"<p>A Pr\u00f3-Reitoria de Gest\u00e3o de Recursos Humanos, por meio do Departamento de Planejamento e Desenvolvimento de Pessoal\/N\u00facleo de Capacita\u00e7\u00e3o, divulga a abertura de inscri\u00e7\u00f5es para os seguintes cursos:<\/p>\n<div align=\"center\">\n<table style=\"width: 504px\" border=\"1\" cellspacing=\"0\" cellpadding=\"0\">\n<tbody>\n<tr>\n<td width=\"98\">CURSO<\/td>\n<td width=\"76\">CARGA HOR\u00c1RIA<\/td>\n<td width=\"85\">Per\u00edodo<\/td>\n<td width=\"198\">Sum\u00e1rio do Programa<\/td>\n<td width=\"47\">\n<p align=\"center\">\u00a0\u00a0 \u00a0\u00a0\u00a0N\u00ba<\/p>\n<p align=\"center\">\u00a0\u00a0\u00a0 \u00a0\u00a0\u00a0\u00a0VAGAS<\/p>\n<\/td>\n<\/tr>\n<tr>\n<td width=\"98\"><b>\u00a0<\/b><b>\u201cLeitura em L\u00edngua Espanhola\u201d (*)<\/b><b>\u00a0<\/b><\/td>\n<td width=\"76\">60 horas<\/td>\n<td width=\"85\">In\u00edcio: 08\/10\/2013Previs\u00e3o t\u00e9rmino: 17\/12\/2013<\/td>\n<td width=\"198\">O alfabeto; Uso do dicion\u00e1rio; Leitura focalizada, pragm\u00e1tica, tem\u00e1tica e cr\u00edtica.<\/td>\n<td width=\"47\">\n<p align=\"center\">20<\/p>\n<\/td>\n<\/tr>\n<tr>\n<td width=\"98\"><b>\u201cLeitura em L\u00edngua Inglesa\u201d (**)<\/b><b>\u00a0<\/b><\/td>\n<td width=\"76\">60 horas<\/td>\n<td width=\"85\">In\u00edcio: 08\/10\/2013Previs\u00e3o t\u00e9rmino: 12\/12\/2013<\/td>\n<td width=\"198\">Conscientiza\u00e7\u00e3o do processo de leitura; Pr\u00e1tica de estrat\u00e9gias de leitura; Gram\u00e1tica aplicada a textos; Ensino de vocabul\u00e1rio; Organiza\u00e7\u00e3o Textual.<\/td>\n<td width=\"47\">\n<p align=\"center\">20<\/p>\n<\/td>\n<\/tr>\n<tr>\n<td width=\"98\"><b>\u201cLibreOffice Calc &#8211; B\u00e1sico\u201d (***)<\/b><\/td>\n<td width=\"76\">25 horas<\/td>\n<td width=\"85\">In\u00edcio: 07\/10\/2013Previs\u00e3o t\u00e9rmino: 05\/11\/2013<\/td>\n<td width=\"198\">Obtendo, instalando, configurando e conhecendo o Calc; Inser\u00e7\u00e3o e classifica\u00e7\u00e3o de dados; Formata\u00e7\u00e3o b\u00e1sica;Introdu\u00e7\u00e3o ao uso de fun\u00e7\u00f5es; Gera\u00e7\u00e3o de gr\u00e1ficos.<\/td>\n<td width=\"47\">\n<p align=\"center\">40<\/p>\n<\/td>\n<\/tr>\n<\/tbody>\n<\/table>\n<\/div>\n<p><b>\u00a0<\/b><b>(*)<\/b>Curso na modalidade presencial, \u00e0s ter\u00e7as e sextas-feiras, das 8h \u00e0s 11h.<\/p>\n<p><b>(**)<\/b> Curso na modalidade presencial, \u00e0s ter\u00e7as e quintas-feiras, das 19h \u00a0\u00e0s 22h.<\/p>\n<p><b>(***)<\/b>Curso na modalidade <i>online<\/i>, com aux\u00edlio do ambiente virtual de aprendizagem. A partir de uma apresenta\u00e7\u00e3o de conte\u00fados realizada pelos ministrantes, ser\u00e3o solicitadas atividades aos alunos, as quais dever\u00e3o ser realizadas <i>online<\/i> e postadas no ambiente virtual de aprendizagem.<\/p>\n<p><b>P\u00fablico alvo<\/b>: servidores da UFPel.<\/p>\n<p><b>\u00a0<\/b><b>Inscri\u00e7\u00e3o<\/b>: <b>26 de setembro (entre 13h e 14h) a 03 de outubro de 2013,<\/b> por meio do formul\u00e1rio dispon\u00edvel no site da PRGRH.<\/p>\n<p><b>\u00a0<\/b><b>Divulga\u00e7\u00e3o dos selecionados<\/b>: a partir das <b>14 horas do dia<\/b> <b>04 de outubro de 2013<\/b>, no mesmo site.<\/p>\n<p><b>\u00a0<\/b><b>Crit\u00e9rio de sele\u00e7\u00e3o<\/b>: a ordem de inscri\u00e7\u00e3o.<\/p>\n<p><a href=\"https:\/\/wp.ufpel.edu.br\/prgrh\/inscricoes-para-palestra\/\">\u00a0<\/a><\/p>\n<p>&nbsp;<\/p>\n","protected":false},"excerpt":{"rendered":"<p>A Pr\u00f3-Reitoria de Gest\u00e3o de Recursos Humanos, por meio do Departamento de Planejamento e Desenvolvimento de Pessoal\/N\u00facleo de Capacita\u00e7\u00e3o, divulga a abertura de inscri\u00e7\u00f5es para os seguintes cursos: CURSO CARGA HOR\u00c1RIA Per\u00edodo Sum\u00e1rio do Programa \u00a0\u00a0 \u00a0\u00a0\u00a0N\u00ba \u00a0\u00a0\u00a0 \u00a0\u00a0\u00a0\u00a0VAGAS \u00a0\u201cLeitura em L\u00edngua Espanhola\u201d (*)\u00a0 60 horas In\u00edcio: 08\/10\/2013Previs\u00e3o t\u00e9rmino: 17\/12\/2013 O alfabeto; Uso do dicion\u00e1rio; [&hellip;]<\/p>\n","protected":false},"author":21,"featured_media":0,"comment_status":"closed","ping_status":"closed","sticky":false,"template":"","format":"standard","meta":{"footnotes":""},"categories":[1],"tags":[],"class_list":["post-4744","post","type-post","status-publish","format-standard","hentry","category-noticias"],"jetpack_featured_media_url":"","_links":{"self":[{"href":"https:\/\/wp.ufpel.edu.br\/progep\/wp-json\/wp\/v2\/posts\/4744","targetHints":{"allow":["GET"]}}],"collection":[{"href":"https:\/\/wp.ufpel.edu.br\/progep\/wp-json\/wp\/v2\/posts"}],"about":[{"href":"https:\/\/wp.ufpel.edu.br\/progep\/wp-json\/wp\/v2\/types\/post"}],"author":[{"embeddable":true,"href":"https:\/\/wp.ufpel.edu.br\/progep\/wp-json\/wp\/v2\/users\/21"}],"replies":[{"embeddable":true,"href":"https:\/\/wp.ufpel.edu.br\/progep\/wp-json\/wp\/v2\/comments?post=4744"}],"version-history":[{"count":5,"href":"https:\/\/wp.ufpel.edu.br\/progep\/wp-json\/wp\/v2\/posts\/4744\/revisions"}],"predecessor-version":[{"id":4818,"href":"https:\/\/wp.ufpel.edu.br\/progep\/wp-json\/wp\/v2\/posts\/4744\/revisions\/4818"}],"wp:attachment":[{"href":"https:\/\/wp.ufpel.edu.br\/progep\/wp-json\/wp\/v2\/media?parent=4744"}],"wp:term":[{"taxonomy":"category","embeddable":true,"href":"https:\/\/wp.ufpel.edu.br\/progep\/wp-json\/wp\/v2\/categories?post=4744"},{"taxonomy":"post_tag","embeddable":true,"href":"https:\/\/wp.ufpel.edu.br\/progep\/wp-json\/wp\/v2\/tags?post=4744"}],"curies":[{"name":"wp","href":"https:\/\/api.w.org\/{rel}","templated":true}]}}