{"id":4510,"date":"2013-08-20T11:26:47","date_gmt":"2013-08-20T14:26:47","guid":{"rendered":"https:\/\/wp.ufpel.edu.br\/prgrh\/?p=4510"},"modified":"2013-08-28T12:13:02","modified_gmt":"2013-08-28T15:13:02","slug":"novas-acoes-de-capacitacao-agosto2013-2","status":"publish","type":"post","link":"https:\/\/wp.ufpel.edu.br\/progep\/2013\/08\/20\/novas-acoes-de-capacitacao-agosto2013-2\/","title":{"rendered":"Novas A\u00e7\u00f5es de Capacita\u00e7\u00e3o &#8211; Agosto\/2013"},"content":{"rendered":"<p>A Pr\u00f3-Reitoria de Gest\u00e3o de Recursos Humanos, por meio do Departamento de Planejamento e Desenvolvimento de Pessoal\/N\u00facleo de Capacita\u00e7\u00e3o, divulga a abertura de inscri\u00e7\u00f5es aos seguintes cursos:<\/p>\n<div align=\"center\">\n<table style=\"width: 567px\" border=\"1\" cellspacing=\"0\" cellpadding=\"0\">\n<tbody>\n<tr>\n<td width=\"154\">\n<p align=\"center\">CURSO<\/p>\n<\/td>\n<td width=\"71\">\n<p align=\"center\">CARGA HOR\u00c1RIA<\/p>\n<\/td>\n<td width=\"80\">\n<p align=\"center\">Per\u00edodo<\/p>\n<\/td>\n<td width=\"198\">\n<p align=\"center\">Sum\u00e1rio do Programa<\/p>\n<\/td>\n<td width=\"63\">\n<p align=\"center\">N\u00ba VAGAS<\/p>\n<\/td>\n<\/tr>\n<tr>\n<td width=\"154\"><b>LibreOffice Impress (*)<\/b><\/td>\n<td width=\"71\">\n<p align=\"center\">20 horas<\/p>\n<\/td>\n<td width=\"80\">\n<p align=\"center\">In\u00edcio: 02\/09\/2013<\/p>\n<p align=\"center\">Previs\u00e3o t\u00e9rmino: 22\/09\/2013<\/p>\n<\/td>\n<td width=\"198\">Ferramentas e recursos dispon\u00edveis na utiliza\u00e7\u00e3o de softwares para apresenta\u00e7\u00f5es por meio do aplicativo LibreOffice Impress (equivalente ao PowerPoint).<\/td>\n<td width=\"63\">\n<p align=\"center\">40<\/p>\n<\/td>\n<\/tr>\n<tr>\n<td width=\"154\"><b>LibreOffice Base (*)<\/b><\/td>\n<td width=\"71\">\n<p align=\"center\">20 horas<\/p>\n<\/td>\n<td width=\"80\">\n<p align=\"center\">In\u00edcio: 02\/09\/2013<\/p>\n<p align=\"center\">Previs\u00e3o t\u00e9rmino: 22\/09\/2013<\/p>\n<\/td>\n<td width=\"198\">Ferramentas e recursos dispon\u00edveis na utiliza\u00e7\u00e3o de softwares de banco de dados simples por meio do aplicativo LibreOffice Base (equivalente ao Access).<\/td>\n<td width=\"63\">\n<p align=\"center\">40<\/p>\n<\/td>\n<\/tr>\n<tr>\n<td width=\"154\"><b>Capacita\u00e7\u00e3o para a utiliza\u00e7\u00e3o dos recursos informacionais oferecidos pela Coordenadoria de Bibliotecas da UFPel (**)<\/b><\/td>\n<td width=\"71\">\n<p align=\"center\">20 horas<\/p>\n<\/td>\n<td width=\"80\">\n<p align=\"center\">In\u00edcio: 03\/09\/2013<\/p>\n<p align=\"center\">Previs\u00e3o t\u00e9rmino: 17\/09\/2013<\/p>\n<\/td>\n<td width=\"198\">ABNT \u2013 orienta\u00e7\u00e3o sobre artigos em publica\u00e7\u00f5es peri\u00f3dicas cient\u00edficas; recursos e estrat\u00e9gias para a pesquisa acad\u00eamica na WEB; manual de trabalho acad\u00eamico da UFPel; busca, recupera\u00e7\u00e3o e uso das informa\u00e7\u00f5es no Portal da Biblioteca Universit\u00e1ria.<\/td>\n<td width=\"63\">\n<p align=\"center\">30<\/p>\n<\/td>\n<\/tr>\n<\/tbody>\n<\/table>\n<\/div>\n<p><b>(*)<\/b> Cursos na modalidade <i>online<\/i>, com aux\u00edlio do ambiente virtual de aprendizagem. A partir de uma apresenta\u00e7\u00e3o de conte\u00fados, realizada pelos ministrantes, ser\u00e3o solicitadas atividades aos alunos, as quais dever\u00e3o ser realizadas <i>online<\/i> e postadas no ambiente virtual de aprendizagem.<\/p>\n<p><b>(**)<\/b> Curso na modalidade presencial, \u00e0s ter\u00e7as e quintas-feiras, das 8 \u00e0s 12 horas, na Biblioteca do Campus Porto \u2013 Audit\u00f3rio. <b><i>IMPORTANTE:<\/i><\/b> este curso destina-se aos servidores que necessitam utilizar as normas da ABNT em seu trabalho na UFPel.<\/p>\n<p><b>P\u00fablico alvo\/vagas<\/b>: t\u00e9cnico-administrativos e docentes da UFPel, sendo 50% das vagas para cada categoria. No caso de n\u00e3o preenchimento das vagas em determinada categoria, as vagas ser\u00e3o remanejadas para a outra categoria.<\/p>\n<p><b>Inscri\u00e7\u00e3o<\/b>: <b>21 de agosto (a partir de 14 horas) a 27 de agosto de 2013,<\/b> por meio do formul\u00e1rio dispon\u00edvel no site da PRGRH.<\/p>\n<p><b>Divulga\u00e7\u00e3o dos selecionados<\/b>: a partir das <b>14 horas do dia<\/b> <b>29 de agosto de 2013<\/b>, no mesmo site.<\/p>\n<p><b>Crit\u00e9rio de sele\u00e7\u00e3o<\/b>: a ordem de inscri\u00e7\u00e3o.<\/p>\n<p><a href=\"https:\/\/wp.ufpel.edu.br\/prgrh\/inscricoes-para-palestra\/\">\u00a0<\/a><\/p>\n","protected":false},"excerpt":{"rendered":"<p>A Pr\u00f3-Reitoria de Gest\u00e3o de Recursos Humanos, por meio do Departamento de Planejamento e Desenvolvimento de Pessoal\/N\u00facleo de Capacita\u00e7\u00e3o, divulga a abertura de inscri\u00e7\u00f5es aos seguintes cursos: CURSO CARGA HOR\u00c1RIA Per\u00edodo Sum\u00e1rio do Programa N\u00ba VAGAS LibreOffice Impress (*) 20 horas In\u00edcio: 02\/09\/2013 Previs\u00e3o t\u00e9rmino: 22\/09\/2013 Ferramentas e recursos dispon\u00edveis na utiliza\u00e7\u00e3o de softwares para [&hellip;]<\/p>\n","protected":false},"author":21,"featured_media":0,"comment_status":"closed","ping_status":"closed","sticky":false,"template":"","format":"standard","meta":{"footnotes":""},"categories":[1],"tags":[],"class_list":["post-4510","post","type-post","status-publish","format-standard","hentry","category-noticias"],"jetpack_featured_media_url":"","_links":{"self":[{"href":"https:\/\/wp.ufpel.edu.br\/progep\/wp-json\/wp\/v2\/posts\/4510","targetHints":{"allow":["GET"]}}],"collection":[{"href":"https:\/\/wp.ufpel.edu.br\/progep\/wp-json\/wp\/v2\/posts"}],"about":[{"href":"https:\/\/wp.ufpel.edu.br\/progep\/wp-json\/wp\/v2\/types\/post"}],"author":[{"embeddable":true,"href":"https:\/\/wp.ufpel.edu.br\/progep\/wp-json\/wp\/v2\/users\/21"}],"replies":[{"embeddable":true,"href":"https:\/\/wp.ufpel.edu.br\/progep\/wp-json\/wp\/v2\/comments?post=4510"}],"version-history":[{"count":5,"href":"https:\/\/wp.ufpel.edu.br\/progep\/wp-json\/wp\/v2\/posts\/4510\/revisions"}],"predecessor-version":[{"id":4552,"href":"https:\/\/wp.ufpel.edu.br\/progep\/wp-json\/wp\/v2\/posts\/4510\/revisions\/4552"}],"wp:attachment":[{"href":"https:\/\/wp.ufpel.edu.br\/progep\/wp-json\/wp\/v2\/media?parent=4510"}],"wp:term":[{"taxonomy":"category","embeddable":true,"href":"https:\/\/wp.ufpel.edu.br\/progep\/wp-json\/wp\/v2\/categories?post=4510"},{"taxonomy":"post_tag","embeddable":true,"href":"https:\/\/wp.ufpel.edu.br\/progep\/wp-json\/wp\/v2\/tags?post=4510"}],"curies":[{"name":"wp","href":"https:\/\/api.w.org\/{rel}","templated":true}]}}