{"id":3361,"date":"2012-07-02T10:09:06","date_gmt":"2012-07-02T13:09:06","guid":{"rendered":"https:\/\/wp.ufpel.edu.br\/prgrh\/?p=3361"},"modified":"2012-12-13T15:38:16","modified_gmt":"2012-12-13T18:38:16","slug":"prorrogacao-de-contrato-professores-temporarios","status":"publish","type":"post","link":"https:\/\/wp.ufpel.edu.br\/progep\/2012\/07\/02\/prorrogacao-de-contrato-professores-temporarios\/","title":{"rendered":"PRORROGA\u00c7\u00c3O DE CONTRATO \u2013 PROFESSORES TEMPOR\u00c1RIOS"},"content":{"rendered":"<p>Em fun\u00e7\u00e3o da ades\u00e3o da UFPel \u00e0 greve geral dos servidores federais em educa\u00e7\u00e3o, esta PRGRH convoca<br \/>\nos professores tempor\u00e1rios,\u00a0J\u00c1 CONTRATADOS, para comparecer nos <strong>dias 10 e 11 de julho\u00a0<\/strong>nesta\u00a0Pr\u00f3-Reitoria, a fim de firmar o Termo Aditivo do Contrato por Tempo Determinado, com PRORROGA\u00c7\u00c3O de mais 3 (tr\u00eas) meses para o t\u00e9rmino do contrato.<\/p>\n<p><strong>O n\u00e3o comparecimento nos dias acima especificados implicar\u00e1 em recis\u00e3o de contrato na data estabelecida no Contrato previamente assinado.<\/strong><\/p>\n","protected":false},"excerpt":{"rendered":"<p>Em fun\u00e7\u00e3o da ades\u00e3o da UFPel \u00e0 greve geral dos servidores federais em educa\u00e7\u00e3o, esta PRGRH convoca os professores tempor\u00e1rios,\u00a0J\u00c1 CONTRATADOS, para comparecer nos dias 10 e 11 de julho\u00a0nesta\u00a0Pr\u00f3-Reitoria, a fim de firmar o Termo Aditivo do Contrato por Tempo Determinado, com PRORROGA\u00c7\u00c3O de mais 3 (tr\u00eas) meses para o t\u00e9rmino do contrato. O [&hellip;]<\/p>\n","protected":false},"author":52,"featured_media":0,"comment_status":"closed","ping_status":"open","sticky":false,"template":"","format":"standard","meta":{"footnotes":""},"categories":[1],"tags":[],"class_list":["post-3361","post","type-post","status-publish","format-standard","hentry","category-noticias"],"jetpack_featured_media_url":"","_links":{"self":[{"href":"https:\/\/wp.ufpel.edu.br\/progep\/wp-json\/wp\/v2\/posts\/3361","targetHints":{"allow":["GET"]}}],"collection":[{"href":"https:\/\/wp.ufpel.edu.br\/progep\/wp-json\/wp\/v2\/posts"}],"about":[{"href":"https:\/\/wp.ufpel.edu.br\/progep\/wp-json\/wp\/v2\/types\/post"}],"author":[{"embeddable":true,"href":"https:\/\/wp.ufpel.edu.br\/progep\/wp-json\/wp\/v2\/users\/52"}],"replies":[{"embeddable":true,"href":"https:\/\/wp.ufpel.edu.br\/progep\/wp-json\/wp\/v2\/comments?post=3361"}],"version-history":[{"count":13,"href":"https:\/\/wp.ufpel.edu.br\/progep\/wp-json\/wp\/v2\/posts\/3361\/revisions"}],"predecessor-version":[{"id":3591,"href":"https:\/\/wp.ufpel.edu.br\/progep\/wp-json\/wp\/v2\/posts\/3361\/revisions\/3591"}],"wp:attachment":[{"href":"https:\/\/wp.ufpel.edu.br\/progep\/wp-json\/wp\/v2\/media?parent=3361"}],"wp:term":[{"taxonomy":"category","embeddable":true,"href":"https:\/\/wp.ufpel.edu.br\/progep\/wp-json\/wp\/v2\/categories?post=3361"},{"taxonomy":"post_tag","embeddable":true,"href":"https:\/\/wp.ufpel.edu.br\/progep\/wp-json\/wp\/v2\/tags?post=3361"}],"curies":[{"name":"wp","href":"https:\/\/api.w.org\/{rel}","templated":true}]}}