{"id":30678,"date":"2025-03-27T16:19:12","date_gmt":"2025-03-27T19:19:12","guid":{"rendered":"https:\/\/wp.ufpel.edu.br\/progep\/?p=30678"},"modified":"2025-09-07T20:43:06","modified_gmt":"2025-09-07T23:43:06","slug":"abertura-de-processo-seletivo-prof-substituto","status":"publish","type":"post","link":"https:\/\/wp.ufpel.edu.br\/progep\/2025\/03\/27\/abertura-de-processo-seletivo-prof-substituto\/","title":{"rendered":"Abertura de Processo Seletivo &#8211; Prof. Substituto"},"content":{"rendered":"<p class=\"dou-paragraph\">A Universidade Federal de Pelotas (UFPel) abriu as inscri\u00e7\u00f5es para <strong>processo seletivo simplificado de PROFESSOR SUBSTITUTO<\/strong>, a ser regido por meio do Edital n\u00ba 05\/2025.<\/p>\n<p class=\"dou-paragraph\">As inscri\u00e7\u00f5es estar\u00e3o abertas a partir das 10h do dia 28\/03\/2025 at\u00e9 as 23h59min do dia 07\/04\/2025, exclusivamente pela <strong>internet. <\/strong>Os interessados devem acessar a p\u00e1gina oficial do certame para se inscrever: <a href=\"http:\/\/ces.ufpel.edu.br\/conctecadmed0005_2025\/\">http:\/\/ces.ufpel.edu.br\/conctecadmed0005_2025\/<\/a>.<\/p>\n<p class=\"dou-paragraph\">A sele\u00e7\u00e3o oferece vagas para as seguintes \u00e1reas:<br \/>\n&#8211; Viol\u00e3o;<br \/>\n&#8211; L\u00edngua Brasileira de Sinais;<br \/>\n&#8211; Li\u0301ngua Alem\u00e3; Li\u0301ngua Francesa;<br \/>\n&#8211; Sistemas de Produ\u00e7\u00e3o de N\u00e3o Ruminantes;<br \/>\n&#8211; Direito Processual Civil;<br \/>\n&#8211; Enfermagem no Cuidado ao Adulto e Idoso;<br \/>\n&#8211; Aten\u00e7\u00e3o B\u00e1sica \u00e0 Sa\u00fade;<br \/>\n&#8211; Psiquiatria e Psicologia M\u00e9dica;<br \/>\n&#8211; Patologia Bucal OU Estomatologia OU Diagn\u00f3stico Bucal;<br \/>\n&#8211; Ensino de Ci\u00eancias e Biologia.<\/p>\n<p class=\"dou-paragraph\">O edital contempla um total de 11 vagas, sendo 2 vagas reservadas para cotas raciais (20%) e 1 vaga reservada para pessoa com defici\u00eancia (PcD) (5%).<\/p>\n<p class=\"dou-paragraph\">A carga hor\u00e1ria ser\u00e1 de 40 horas semanais, exceto para a \u00e1rea de <strong>Psiquiatria e Psicologia M\u00e9dica<\/strong>, que ser\u00e1 de 20 horas semanais.<\/p>\n<p class=\"dou-paragraph\">O valor da remunera\u00e7\u00e3o ser\u00e1 composto pelo Vencimento B\u00e1sico e pela Retribui\u00e7\u00e3o por Titula\u00e7\u00e3o, conforme Lei n\u00ba 12.772\/2012 e suas atualiza\u00e7\u00f5es.<\/p>\n<p class=\"dou-paragraph\">A inscri\u00e7\u00e3o tem o valor de R$ 100,00 (cem reais).<\/p>\n<p class=\"dou-paragraph\">Para mais informa\u00e7\u00f5es, consulte o edital completo em <a href=\"http:\/\/ces.ufpel.edu.br\/conctecadmed0005_2025\/\">http:\/\/ces.ufpel.edu.br\/conctecadmed0005_2025\/<\/a>.<\/p>\n","protected":false},"excerpt":{"rendered":"<p>A Universidade Federal de Pelotas (UFPel) abriu as inscri\u00e7\u00f5es para processo seletivo simplificado de PROFESSOR SUBSTITUTO, a ser regido por meio do Edital n\u00ba 05\/2025. As inscri\u00e7\u00f5es estar\u00e3o abertas a partir das 10h do dia 28\/03\/2025 at\u00e9 as 23h59min do dia 07\/04\/2025, exclusivamente pela internet. Os interessados devem acessar a p\u00e1gina oficial do certame para [&hellip;]<\/p>\n","protected":false},"author":52,"featured_media":0,"comment_status":"closed","ping_status":"closed","sticky":false,"template":"","format":"standard","meta":{"footnotes":""},"categories":[1],"tags":[],"class_list":["post-30678","post","type-post","status-publish","format-standard","hentry","category-noticias"],"yoast_head":"<!-- This site is optimized with the Yoast SEO plugin v28.1 - https:\/\/yoast.com\/product\/yoast-seo-wordpress\/ -->\n<title>Abertura de Processo Seletivo - Prof. Substituto - Pr\u00f3-Reitoria de Gest\u00e3o com Pessoas - PROGEP<\/title>\n<meta name=\"robots\" content=\"index, follow, max-snippet:-1, max-image-preview:large, max-video-preview:-1\" \/>\n<link rel=\"canonical\" href=\"https:\/\/wp.ufpel.edu.br\/progep\/2025\/03\/27\/abertura-de-processo-seletivo-prof-substituto\/\" \/>\n<meta property=\"og:locale\" content=\"pt_BR\" \/>\n<meta property=\"og:type\" content=\"article\" \/>\n<meta property=\"og:title\" content=\"Abertura de Processo Seletivo - Prof. Substituto - Pr\u00f3-Reitoria de Gest\u00e3o com Pessoas - PROGEP\" \/>\n<meta property=\"og:description\" content=\"A Universidade Federal de Pelotas (UFPel) abriu as inscri\u00e7\u00f5es para processo seletivo simplificado de PROFESSOR SUBSTITUTO, a ser regido por meio do Edital n\u00ba 05\/2025. As inscri\u00e7\u00f5es estar\u00e3o abertas a partir das 10h do dia 28\/03\/2025 at\u00e9 as 23h59min do dia 07\/04\/2025, exclusivamente pela internet. Os interessados devem acessar a p\u00e1gina oficial do certame para [&hellip;]\" \/>\n<meta property=\"og:url\" content=\"https:\/\/wp.ufpel.edu.br\/progep\/2025\/03\/27\/abertura-de-processo-seletivo-prof-substituto\/\" \/>\n<meta property=\"og:site_name\" content=\"Pr\u00f3-Reitoria de Gest\u00e3o com Pessoas - PROGEP\" \/>\n<meta property=\"article:published_time\" content=\"2025-03-27T19:19:12+00:00\" \/>\n<meta property=\"article:modified_time\" content=\"2025-09-07T23:43:06+00:00\" \/>\n<meta name=\"author\" content=\"CAP\" \/>\n<meta name=\"twitter:card\" content=\"summary_large_image\" \/>\n<meta name=\"twitter:label1\" content=\"Escrito por\" \/>\n\t<meta name=\"twitter:data1\" content=\"CAP\" \/>\n\t<meta name=\"twitter:label2\" content=\"Est. tempo de leitura\" \/>\n\t<meta name=\"twitter:data2\" content=\"1 minuto\" \/>\n<script type=\"application\/ld+json\" class=\"yoast-schema-graph\">{\"@context\":\"https:\\\/\\\/schema.org\",\"@graph\":[{\"@type\":\"Article\",\"@id\":\"https:\\\/\\\/wp.ufpel.edu.br\\\/progep\\\/2025\\\/03\\\/27\\\/abertura-de-processo-seletivo-prof-substituto\\\/#article\",\"isPartOf\":{\"@id\":\"https:\\\/\\\/wp.ufpel.edu.br\\\/progep\\\/2025\\\/03\\\/27\\\/abertura-de-processo-seletivo-prof-substituto\\\/\"},\"author\":{\"name\":\"CAP\",\"@id\":\"https:\\\/\\\/wp.ufpel.edu.br\\\/progep\\\/#\\\/schema\\\/person\\\/1fcea8e37700065971eae883a372a36d\"},\"headline\":\"Abertura de Processo Seletivo &#8211; Prof. Substituto\",\"datePublished\":\"2025-03-27T19:19:12+00:00\",\"dateModified\":\"2025-09-07T23:43:06+00:00\",\"mainEntityOfPage\":{\"@id\":\"https:\\\/\\\/wp.ufpel.edu.br\\\/progep\\\/2025\\\/03\\\/27\\\/abertura-de-processo-seletivo-prof-substituto\\\/\"},\"wordCount\":242,\"publisher\":{\"@id\":\"https:\\\/\\\/wp.ufpel.edu.br\\\/progep\\\/#organization\"},\"articleSection\":[\"Not\u00edcias\"],\"inLanguage\":\"pt-BR\"},{\"@type\":\"WebPage\",\"@id\":\"https:\\\/\\\/wp.ufpel.edu.br\\\/progep\\\/2025\\\/03\\\/27\\\/abertura-de-processo-seletivo-prof-substituto\\\/\",\"url\":\"https:\\\/\\\/wp.ufpel.edu.br\\\/progep\\\/2025\\\/03\\\/27\\\/abertura-de-processo-seletivo-prof-substituto\\\/\",\"name\":\"Abertura de Processo Seletivo - Prof. Substituto - Pr\u00f3-Reitoria de Gest\u00e3o com Pessoas - PROGEP\",\"isPartOf\":{\"@id\":\"https:\\\/\\\/wp.ufpel.edu.br\\\/progep\\\/#website\"},\"datePublished\":\"2025-03-27T19:19:12+00:00\",\"dateModified\":\"2025-09-07T23:43:06+00:00\",\"breadcrumb\":{\"@id\":\"https:\\\/\\\/wp.ufpel.edu.br\\\/progep\\\/2025\\\/03\\\/27\\\/abertura-de-processo-seletivo-prof-substituto\\\/#breadcrumb\"},\"inLanguage\":\"pt-BR\",\"potentialAction\":[{\"@type\":\"ReadAction\",\"target\":[\"https:\\\/\\\/wp.ufpel.edu.br\\\/progep\\\/2025\\\/03\\\/27\\\/abertura-de-processo-seletivo-prof-substituto\\\/\"]}]},{\"@type\":\"BreadcrumbList\",\"@id\":\"https:\\\/\\\/wp.ufpel.edu.br\\\/progep\\\/2025\\\/03\\\/27\\\/abertura-de-processo-seletivo-prof-substituto\\\/#breadcrumb\",\"itemListElement\":[{\"@type\":\"ListItem\",\"position\":1,\"name\":\"In\u00edcio\",\"item\":\"https:\\\/\\\/wp.ufpel.edu.br\\\/progep\\\/\"},{\"@type\":\"ListItem\",\"position\":2,\"name\":\"Abertura de Processo Seletivo &#8211; Prof. Substituto\"}]},{\"@type\":\"WebSite\",\"@id\":\"https:\\\/\\\/wp.ufpel.edu.br\\\/progep\\\/#website\",\"url\":\"https:\\\/\\\/wp.ufpel.edu.br\\\/progep\\\/\",\"name\":\"Pr\u00f3-Reitoria de Gest\u00e3o com Pessoas - PROGEP\",\"description\":\"Pr\u00f3-Reitoria de Gest\u00e3o com Pessoas\",\"publisher\":{\"@id\":\"https:\\\/\\\/wp.ufpel.edu.br\\\/progep\\\/#organization\"},\"potentialAction\":[{\"@type\":\"SearchAction\",\"target\":{\"@type\":\"EntryPoint\",\"urlTemplate\":\"https:\\\/\\\/wp.ufpel.edu.br\\\/progep\\\/?s={search_term_string}\"},\"query-input\":{\"@type\":\"PropertyValueSpecification\",\"valueRequired\":true,\"valueName\":\"search_term_string\"}}],\"inLanguage\":\"pt-BR\"},{\"@type\":\"Organization\",\"@id\":\"https:\\\/\\\/wp.ufpel.edu.br\\\/progep\\\/#organization\",\"name\":\"Pr\u00f3-Reitoria de Gest\u00e3o com Pessoas - PROGEP\",\"url\":\"https:\\\/\\\/wp.ufpel.edu.br\\\/progep\\\/\",\"logo\":{\"@type\":\"ImageObject\",\"inLanguage\":\"pt-BR\",\"@id\":\"https:\\\/\\\/wp.ufpel.edu.br\\\/progep\\\/#\\\/schema\\\/logo\\\/image\\\/\",\"url\":\"https:\\\/\\\/wp.ufpel.edu.br\\\/progep\\\/files\\\/2025\\\/03\\\/logo-progep_atualizacao-nome_AZUL.png\",\"contentUrl\":\"https:\\\/\\\/wp.ufpel.edu.br\\\/progep\\\/files\\\/2025\\\/03\\\/logo-progep_atualizacao-nome_AZUL.png\",\"width\":1080,\"height\":391,\"caption\":\"Pr\u00f3-Reitoria de Gest\u00e3o com Pessoas - PROGEP\"},\"image\":{\"@id\":\"https:\\\/\\\/wp.ufpel.edu.br\\\/progep\\\/#\\\/schema\\\/logo\\\/image\\\/\"}},{\"@type\":\"Person\",\"@id\":\"https:\\\/\\\/wp.ufpel.edu.br\\\/progep\\\/#\\\/schema\\\/person\\\/1fcea8e37700065971eae883a372a36d\",\"name\":\"CAP\",\"image\":{\"@type\":\"ImageObject\",\"inLanguage\":\"pt-BR\",\"@id\":\"https:\\\/\\\/secure.gravatar.com\\\/avatar\\\/b4ff3691921e5dc4fb6a4006a3779533e46a0ce39bfde9ae5e94c0432b0539fd?s=96&d=mm&r=g\",\"url\":\"https:\\\/\\\/secure.gravatar.com\\\/avatar\\\/b4ff3691921e5dc4fb6a4006a3779533e46a0ce39bfde9ae5e94c0432b0539fd?s=96&d=mm&r=g\",\"contentUrl\":\"https:\\\/\\\/secure.gravatar.com\\\/avatar\\\/b4ff3691921e5dc4fb6a4006a3779533e46a0ce39bfde9ae5e94c0432b0539fd?s=96&d=mm&r=g\",\"caption\":\"CAP\"},\"url\":\"https:\\\/\\\/wp.ufpel.edu.br\\\/progep\\\/author\\\/dap\\\/\"}]}<\/script>\n<!-- \/ Yoast SEO plugin. -->","yoast_head_json":{"title":"Abertura de Processo Seletivo - Prof. Substituto - Pr\u00f3-Reitoria de Gest\u00e3o com Pessoas - PROGEP","robots":{"index":"index","follow":"follow","max-snippet":"max-snippet:-1","max-image-preview":"max-image-preview:large","max-video-preview":"max-video-preview:-1"},"canonical":"https:\/\/wp.ufpel.edu.br\/progep\/2025\/03\/27\/abertura-de-processo-seletivo-prof-substituto\/","og_locale":"pt_BR","og_type":"article","og_title":"Abertura de Processo Seletivo - Prof. Substituto - Pr\u00f3-Reitoria de Gest\u00e3o com Pessoas - PROGEP","og_description":"A Universidade Federal de Pelotas (UFPel) abriu as inscri\u00e7\u00f5es para processo seletivo simplificado de PROFESSOR SUBSTITUTO, a ser regido por meio do Edital n\u00ba 05\/2025. As inscri\u00e7\u00f5es estar\u00e3o abertas a partir das 10h do dia 28\/03\/2025 at\u00e9 as 23h59min do dia 07\/04\/2025, exclusivamente pela internet. Os interessados devem acessar a p\u00e1gina oficial do certame para [&hellip;]","og_url":"https:\/\/wp.ufpel.edu.br\/progep\/2025\/03\/27\/abertura-de-processo-seletivo-prof-substituto\/","og_site_name":"Pr\u00f3-Reitoria de Gest\u00e3o com Pessoas - PROGEP","article_published_time":"2025-03-27T19:19:12+00:00","article_modified_time":"2025-09-07T23:43:06+00:00","author":"CAP","twitter_card":"summary_large_image","twitter_misc":{"Escrito por":"CAP","Est. tempo de leitura":"1 minuto"},"schema":{"@context":"https:\/\/schema.org","@graph":[{"@type":"Article","@id":"https:\/\/wp.ufpel.edu.br\/progep\/2025\/03\/27\/abertura-de-processo-seletivo-prof-substituto\/#article","isPartOf":{"@id":"https:\/\/wp.ufpel.edu.br\/progep\/2025\/03\/27\/abertura-de-processo-seletivo-prof-substituto\/"},"author":{"name":"CAP","@id":"https:\/\/wp.ufpel.edu.br\/progep\/#\/schema\/person\/1fcea8e37700065971eae883a372a36d"},"headline":"Abertura de Processo Seletivo &#8211; Prof. Substituto","datePublished":"2025-03-27T19:19:12+00:00","dateModified":"2025-09-07T23:43:06+00:00","mainEntityOfPage":{"@id":"https:\/\/wp.ufpel.edu.br\/progep\/2025\/03\/27\/abertura-de-processo-seletivo-prof-substituto\/"},"wordCount":242,"publisher":{"@id":"https:\/\/wp.ufpel.edu.br\/progep\/#organization"},"articleSection":["Not\u00edcias"],"inLanguage":"pt-BR"},{"@type":"WebPage","@id":"https:\/\/wp.ufpel.edu.br\/progep\/2025\/03\/27\/abertura-de-processo-seletivo-prof-substituto\/","url":"https:\/\/wp.ufpel.edu.br\/progep\/2025\/03\/27\/abertura-de-processo-seletivo-prof-substituto\/","name":"Abertura de Processo Seletivo - Prof. Substituto - Pr\u00f3-Reitoria de Gest\u00e3o com Pessoas - PROGEP","isPartOf":{"@id":"https:\/\/wp.ufpel.edu.br\/progep\/#website"},"datePublished":"2025-03-27T19:19:12+00:00","dateModified":"2025-09-07T23:43:06+00:00","breadcrumb":{"@id":"https:\/\/wp.ufpel.edu.br\/progep\/2025\/03\/27\/abertura-de-processo-seletivo-prof-substituto\/#breadcrumb"},"inLanguage":"pt-BR","potentialAction":[{"@type":"ReadAction","target":["https:\/\/wp.ufpel.edu.br\/progep\/2025\/03\/27\/abertura-de-processo-seletivo-prof-substituto\/"]}]},{"@type":"BreadcrumbList","@id":"https:\/\/wp.ufpel.edu.br\/progep\/2025\/03\/27\/abertura-de-processo-seletivo-prof-substituto\/#breadcrumb","itemListElement":[{"@type":"ListItem","position":1,"name":"In\u00edcio","item":"https:\/\/wp.ufpel.edu.br\/progep\/"},{"@type":"ListItem","position":2,"name":"Abertura de Processo Seletivo &#8211; Prof. Substituto"}]},{"@type":"WebSite","@id":"https:\/\/wp.ufpel.edu.br\/progep\/#website","url":"https:\/\/wp.ufpel.edu.br\/progep\/","name":"Pr\u00f3-Reitoria de Gest\u00e3o com Pessoas - PROGEP","description":"Pr\u00f3-Reitoria de Gest\u00e3o com Pessoas","publisher":{"@id":"https:\/\/wp.ufpel.edu.br\/progep\/#organization"},"potentialAction":[{"@type":"SearchAction","target":{"@type":"EntryPoint","urlTemplate":"https:\/\/wp.ufpel.edu.br\/progep\/?s={search_term_string}"},"query-input":{"@type":"PropertyValueSpecification","valueRequired":true,"valueName":"search_term_string"}}],"inLanguage":"pt-BR"},{"@type":"Organization","@id":"https:\/\/wp.ufpel.edu.br\/progep\/#organization","name":"Pr\u00f3-Reitoria de Gest\u00e3o com Pessoas - PROGEP","url":"https:\/\/wp.ufpel.edu.br\/progep\/","logo":{"@type":"ImageObject","inLanguage":"pt-BR","@id":"https:\/\/wp.ufpel.edu.br\/progep\/#\/schema\/logo\/image\/","url":"https:\/\/wp.ufpel.edu.br\/progep\/files\/2025\/03\/logo-progep_atualizacao-nome_AZUL.png","contentUrl":"https:\/\/wp.ufpel.edu.br\/progep\/files\/2025\/03\/logo-progep_atualizacao-nome_AZUL.png","width":1080,"height":391,"caption":"Pr\u00f3-Reitoria de Gest\u00e3o com Pessoas - PROGEP"},"image":{"@id":"https:\/\/wp.ufpel.edu.br\/progep\/#\/schema\/logo\/image\/"}},{"@type":"Person","@id":"https:\/\/wp.ufpel.edu.br\/progep\/#\/schema\/person\/1fcea8e37700065971eae883a372a36d","name":"CAP","image":{"@type":"ImageObject","inLanguage":"pt-BR","@id":"https:\/\/secure.gravatar.com\/avatar\/b4ff3691921e5dc4fb6a4006a3779533e46a0ce39bfde9ae5e94c0432b0539fd?s=96&d=mm&r=g","url":"https:\/\/secure.gravatar.com\/avatar\/b4ff3691921e5dc4fb6a4006a3779533e46a0ce39bfde9ae5e94c0432b0539fd?s=96&d=mm&r=g","contentUrl":"https:\/\/secure.gravatar.com\/avatar\/b4ff3691921e5dc4fb6a4006a3779533e46a0ce39bfde9ae5e94c0432b0539fd?s=96&d=mm&r=g","caption":"CAP"},"url":"https:\/\/wp.ufpel.edu.br\/progep\/author\/dap\/"}]}},"jetpack_featured_media_url":"","_links":{"self":[{"href":"https:\/\/wp.ufpel.edu.br\/progep\/wp-json\/wp\/v2\/posts\/30678","targetHints":{"allow":["GET"]}}],"collection":[{"href":"https:\/\/wp.ufpel.edu.br\/progep\/wp-json\/wp\/v2\/posts"}],"about":[{"href":"https:\/\/wp.ufpel.edu.br\/progep\/wp-json\/wp\/v2\/types\/post"}],"author":[{"embeddable":true,"href":"https:\/\/wp.ufpel.edu.br\/progep\/wp-json\/wp\/v2\/users\/52"}],"replies":[{"embeddable":true,"href":"https:\/\/wp.ufpel.edu.br\/progep\/wp-json\/wp\/v2\/comments?post=30678"}],"version-history":[{"count":1,"href":"https:\/\/wp.ufpel.edu.br\/progep\/wp-json\/wp\/v2\/posts\/30678\/revisions"}],"predecessor-version":[{"id":30680,"href":"https:\/\/wp.ufpel.edu.br\/progep\/wp-json\/wp\/v2\/posts\/30678\/revisions\/30680"}],"wp:attachment":[{"href":"https:\/\/wp.ufpel.edu.br\/progep\/wp-json\/wp\/v2\/media?parent=30678"}],"wp:term":[{"taxonomy":"category","embeddable":true,"href":"https:\/\/wp.ufpel.edu.br\/progep\/wp-json\/wp\/v2\/categories?post=30678"},{"taxonomy":"post_tag","embeddable":true,"href":"https:\/\/wp.ufpel.edu.br\/progep\/wp-json\/wp\/v2\/tags?post=30678"}],"curies":[{"name":"wp","href":"https:\/\/api.w.org\/{rel}","templated":true}]}}