{"id":27995,"date":"2025-01-21T11:18:32","date_gmt":"2025-01-21T14:18:32","guid":{"rendered":"https:\/\/wp.ufpel.edu.br\/progep\/?p=27995"},"modified":"2025-01-21T11:18:32","modified_gmt":"2025-01-21T14:18:32","slug":"progep-informa-a-respeito-da-mp-no-1-286-2024","status":"publish","type":"post","link":"https:\/\/wp.ufpel.edu.br\/progep\/2025\/01\/21\/progep-informa-a-respeito-da-mp-no-1-286-2024\/","title":{"rendered":"PROGEP informa a respeito da MP n\u00ba 1.286\/2024"},"content":{"rendered":"<p>A <a href=\"https:\/\/www.planalto.gov.br\/ccivil_03\/_ato2023-2026\/2024\/mpv\/mpv1286.htm\">Medida Provis\u00f3ria n\u00ba 1.286\/2024<\/a>, ainda em fase de an\u00e1lise pelo Congresso Nacional, gera impactos na gest\u00e3o de pessoas, exigindo aten\u00e7\u00e3o especial \u00e0s mudan\u00e7as a serem implementadas. Diante disso, a PROGEP encaminhou aos servidores um memorando com orienta\u00e7\u00f5es detalhadas sobre a aplica\u00e7\u00e3o da referida MP. O documento esclarece os procedimentos e as adapta\u00e7\u00f5es necess\u00e1rias no \u00e2mbito da UFPel, visando assegurar a correta implementa\u00e7\u00e3o da medida. A \u00edntegra do memorando pode ser acessada <a href=\"https:\/\/wp.ufpel.edu.br\/progep\/files\/2025\/01\/SEI_23110.000291_2025_51.pdf\">aqui<\/a>.<\/p>\n","protected":false},"excerpt":{"rendered":"<p>A Medida Provis\u00f3ria n\u00ba 1.286\/2024, ainda em fase de an\u00e1lise pelo Congresso Nacional, gera impactos na gest\u00e3o de pessoas, exigindo aten\u00e7\u00e3o especial \u00e0s mudan\u00e7as a serem implementadas. Diante disso, a PROGEP encaminhou aos servidores um memorando com orienta\u00e7\u00f5es detalhadas sobre a aplica\u00e7\u00e3o da referida MP. O documento esclarece os procedimentos e as adapta\u00e7\u00f5es necess\u00e1rias no [&hellip;]<\/p>\n","protected":false},"author":52,"featured_media":0,"comment_status":"closed","ping_status":"closed","sticky":false,"template":"","format":"standard","meta":{"footnotes":""},"categories":[59,1],"tags":[],"class_list":["post-27995","post","type-post","status-publish","format-standard","hentry","category-destaques","category-noticias"],"jetpack_featured_media_url":"","_links":{"self":[{"href":"https:\/\/wp.ufpel.edu.br\/progep\/wp-json\/wp\/v2\/posts\/27995","targetHints":{"allow":["GET"]}}],"collection":[{"href":"https:\/\/wp.ufpel.edu.br\/progep\/wp-json\/wp\/v2\/posts"}],"about":[{"href":"https:\/\/wp.ufpel.edu.br\/progep\/wp-json\/wp\/v2\/types\/post"}],"author":[{"embeddable":true,"href":"https:\/\/wp.ufpel.edu.br\/progep\/wp-json\/wp\/v2\/users\/52"}],"replies":[{"embeddable":true,"href":"https:\/\/wp.ufpel.edu.br\/progep\/wp-json\/wp\/v2\/comments?post=27995"}],"version-history":[{"count":1,"href":"https:\/\/wp.ufpel.edu.br\/progep\/wp-json\/wp\/v2\/posts\/27995\/revisions"}],"predecessor-version":[{"id":28018,"href":"https:\/\/wp.ufpel.edu.br\/progep\/wp-json\/wp\/v2\/posts\/27995\/revisions\/28018"}],"wp:attachment":[{"href":"https:\/\/wp.ufpel.edu.br\/progep\/wp-json\/wp\/v2\/media?parent=27995"}],"wp:term":[{"taxonomy":"category","embeddable":true,"href":"https:\/\/wp.ufpel.edu.br\/progep\/wp-json\/wp\/v2\/categories?post=27995"},{"taxonomy":"post_tag","embeddable":true,"href":"https:\/\/wp.ufpel.edu.br\/progep\/wp-json\/wp\/v2\/tags?post=27995"}],"curies":[{"name":"wp","href":"https:\/\/api.w.org\/{rel}","templated":true}]}}