{"id":19217,"date":"2021-12-02T08:55:09","date_gmt":"2021-12-02T11:55:09","guid":{"rendered":"https:\/\/wp.ufpel.edu.br\/progep\/?p=19217"},"modified":"2022-09-26T21:00:16","modified_gmt":"2022-09-27T00:00:16","slug":"fechamento-da-folha-de-pagamento-2","status":"publish","type":"post","link":"https:\/\/wp.ufpel.edu.br\/progep\/2021\/12\/02\/fechamento-da-folha-de-pagamento-2\/","title":{"rendered":"FECHAMENTO DA FOLHA DE PAGAMENTO"},"content":{"rendered":"<p style=\"text-align: center\"><strong><span style=\"font-size: 18pt\">Dezembro de 2021<\/span><\/strong><\/p>\n<p style=\"text-align: center\"><span style=\"font-size: 14pt\">Processo SEI: <a id=\"anchor1707805\" href=\"https:\/\/sei.ufpel.edu.br\/sei\/controlador.php?acao=arvore_visualizar&amp;acao_origem=procedimento_visualizar&amp;id_procedimento=1707805&amp;infra_sistema=100000100&amp;infra_unidade_atual=110000102&amp;infra_hash=1ffd7aa9cf73047878035d8b42dee5787b90fda13a10b9b6d063e46955fa2008\" target=\"ifrVisualizacao\" rel=\"noopener\"><span id=\"span1707805\" title=\"Pessoal: Folhas de Pagamento\">23110.037764\/2021-41\u00a0<\/span><\/a><\/span><\/p>\n<p class=\"Texto_Justificado_Recuo_Primeira_Linha\" style=\"text-align: justify\">Considerando o fechamento da folha de pagamento de\u00a0<strong>Dezembro<\/strong><b>\/2021\u00a0<\/b>em\u00a0<strong>10 de dezembro de 2021<\/strong>, informamos que os documentos necess\u00e1rios para a implementa\u00e7\u00e3o de valores e\/ou altera\u00e7\u00f5es funcionais com repercuss\u00e3o no contracheque dos servidores (procedimentos sob a responsabilidade da Coordena\u00e7\u00e3o de Administra\u00e7\u00e3o de Pessoal &#8211;\u00a0<strong>N\u00facleo Financeiro<\/strong>), dever\u00e3o ser encaminhados atrav\u00e9s do Sistema Eletr\u00f4nico de Informa\u00e7\u00f5es (SEI) at\u00e9 o dia<b>\u00a0<\/b><b>06\u00a0de dezembro de 2021.\u00a0<\/b><\/p>\n<p class=\"Texto_Justificado_Recuo_Primeira_Linha\" style=\"text-align: justify\">Ressaltamos que a Coordena\u00e7\u00e3o de Administra\u00e7\u00e3o de Pessoal n\u00e3o se comprometer\u00e1 pela inclus\u00e3o no Sistema Integrado de Administra\u00e7\u00e3o de Pessoal &#8211; SIAPE\u00a0das informa\u00e7\u00f5es aportadas ap\u00f3s esta data na folha de pagamento do m\u00eas corrente.<\/p>\n<p class=\"Texto_Justificado_Recuo_Primeira_Linha\" style=\"text-align: justify\">As homologa\u00e7\u00f5es para f\u00e9rias com in\u00edcio da parcela no m\u00eas de janeiro de 2021\u00a0dever\u00e3o ser realizadas at\u00e9 o dia 13\u00a0de dezembro de 2021. De 14 a 26\u00a0de dezembro de 2021, o sistema ficar\u00e1 fechado para processamento da folha de pagamento, n\u00e3o sendo poss\u00edvel entrar no menu de homologa\u00e7\u00e3o de f\u00e9rias neste per\u00edodo.<\/p>\n<p class=\"Texto_Justificado_Recuo_Primeira_Linha\" style=\"text-align: justify\">Importa salientar que o boletim de\u00a0frequ\u00eancia da unidade\u00a0<strong>dever\u00e1\u00a0<\/strong>ser encaminhado\u00a0ao\u00a0<strong>N\u00facleo de Cadastro e Movimenta\u00e7\u00e3o de Pessoal<\/strong>, atrav\u00e9s do SEI,\u00a0<b>at\u00e9 o dia 06\u00a0de dezembro de 2021.<\/b><\/p>\n<p class=\"Texto_Justificado_Recuo_Primeira_Linha\" style=\"text-align: justify\">Ademais, informamos que na semana do encerramento da folha, esta Coordena\u00e7\u00e3o estar\u00e1 priorizando a execu\u00e7\u00e3o dos procedimentos necess\u00e1rios para o fechamento da mesma.<\/p>\n<p class=\"Texto_Justificado_Recuo_Primeira_Linha\" style=\"text-align: justify\">Destacamos ainda que a pr\u00e9via do contracheque estar\u00e1 dispon\u00edvel para consulta no SIGEPE\u00a0no dia<strong>\u00a013\/12\/2021 (08h \u2013 19h).<\/strong><\/p>\n<p class=\"Texto_Justificado_Recuo_Primeira_Linha\" style=\"text-align: justify\"><strong>ATEN\u00c7\u00c3O:\u00a0<\/strong>considerando o fluxo ordin\u00e1rio de pagamento das despesas do exerc\u00edcio de 2021, solicitamos o que segue:<\/p>\n<p class=\"Texto_Justificado_Recuo_Primeira_Linha\" style=\"text-align: justify\">1)\u00a0para os casos de substitui\u00e7\u00e3o de chefia que ocorreram em meses anteriores, bem como para aquelas que tenham come\u00e7ado no m\u00eas de novembro de 2021, ainda que adentrem o m\u00eas de dezembro de 2021 e n\u00e3o tenham sido conclu\u00eddas, o servidor dever\u00e1 encaminhar a solicita\u00e7\u00e3o de pagamento na presente folha.<\/p>\n<p class=\"Texto_Justificado_Recuo_Primeira_Linha\" style=\"text-align: justify\">2)\u00a0os servidores que porventura tenham atuado em alguma atividade no ano de 2021 para a qual estava previsto o pagamento de Gratifica\u00e7\u00e3o por Encargo de Curso ou Concurso (GECC) e ainda n\u00e3o tenham\u00a0remetido o formul\u00e1rio &#8220;PROGEP Declara\u00e7\u00e3o de Execu\u00e7\u00e3o e Per\u00edodo de Ativ.&#8221;, ou caso esse tenha retornado \u00e0 unidade de origem para corre\u00e7\u00f5es necess\u00e1rias, devem encaminh\u00e1-lo ao\u00a0<strong>N\u00facleo de Gerenciamento de Concursos e Vagas<\/strong>\u00a0at\u00e9 30\/11\/2021.<\/p>\n<p>&nbsp;<\/p>\n<p class=\"Texto_Justificado_Recuo_Primeira_Linha\" style=\"text-align: center\">Jorge Luiz Moraes<span style=\"font-size: 12pt\"> Pereira J\u00fanior<\/span><\/p>\n<p class=\"Texto_Justificado_Recuo_Primeira_Linha\" style=\"text-align: center\"><span style=\"font-size: 12pt\">Coordenador de Administra\u00e7\u00e3o de Pessoal<\/span><\/p>\n<p>&nbsp;<\/p>\n<p>Para acessar o Memorando Circular na \u00edntegra, clique abaixo:<\/p>\n<p><a href=\"https:\/\/wp.ufpel.edu.br\/progep\/files\/2021\/04\/Memorando-Circular-172021.pdf\">Memorando-Circular n\u00ba 17\/2021\/CAP\/PROGEP\/REITORIA<\/a><\/p>\n","protected":false},"excerpt":{"rendered":"<p>Dezembro de 2021 Processo SEI: 23110.037764\/2021-41\u00a0 Considerando o fechamento da folha de pagamento de\u00a0Dezembro\/2021\u00a0em\u00a010 de dezembro de 2021, informamos que os documentos necess\u00e1rios para a implementa\u00e7\u00e3o de valores e\/ou altera\u00e7\u00f5es funcionais com repercuss\u00e3o no contracheque dos servidores (procedimentos sob a responsabilidade da Coordena\u00e7\u00e3o de Administra\u00e7\u00e3o de Pessoal &#8211;\u00a0N\u00facleo Financeiro), dever\u00e3o ser encaminhados atrav\u00e9s do Sistema [&hellip;]<\/p>\n","protected":false},"author":52,"featured_media":0,"comment_status":"closed","ping_status":"closed","sticky":false,"template":"","format":"standard","meta":{"footnotes":""},"categories":[1],"tags":[],"class_list":["post-19217","post","type-post","status-publish","format-standard","hentry","category-noticias"],"jetpack_featured_media_url":"","_links":{"self":[{"href":"https:\/\/wp.ufpel.edu.br\/progep\/wp-json\/wp\/v2\/posts\/19217","targetHints":{"allow":["GET"]}}],"collection":[{"href":"https:\/\/wp.ufpel.edu.br\/progep\/wp-json\/wp\/v2\/posts"}],"about":[{"href":"https:\/\/wp.ufpel.edu.br\/progep\/wp-json\/wp\/v2\/types\/post"}],"author":[{"embeddable":true,"href":"https:\/\/wp.ufpel.edu.br\/progep\/wp-json\/wp\/v2\/users\/52"}],"replies":[{"embeddable":true,"href":"https:\/\/wp.ufpel.edu.br\/progep\/wp-json\/wp\/v2\/comments?post=19217"}],"version-history":[{"count":1,"href":"https:\/\/wp.ufpel.edu.br\/progep\/wp-json\/wp\/v2\/posts\/19217\/revisions"}],"predecessor-version":[{"id":19219,"href":"https:\/\/wp.ufpel.edu.br\/progep\/wp-json\/wp\/v2\/posts\/19217\/revisions\/19219"}],"wp:attachment":[{"href":"https:\/\/wp.ufpel.edu.br\/progep\/wp-json\/wp\/v2\/media?parent=19217"}],"wp:term":[{"taxonomy":"category","embeddable":true,"href":"https:\/\/wp.ufpel.edu.br\/progep\/wp-json\/wp\/v2\/categories?post=19217"},{"taxonomy":"post_tag","embeddable":true,"href":"https:\/\/wp.ufpel.edu.br\/progep\/wp-json\/wp\/v2\/tags?post=19217"}],"curies":[{"name":"wp","href":"https:\/\/api.w.org\/{rel}","templated":true}]}}