{"id":18280,"date":"2021-08-17T15:03:53","date_gmt":"2021-08-17T18:03:53","guid":{"rendered":"https:\/\/wp.ufpel.edu.br\/progep\/?p=18280"},"modified":"2021-08-25T23:57:10","modified_gmt":"2021-08-26T02:57:10","slug":"capacita-na-web-capacitacoes-no-mes-de-setembro","status":"publish","type":"post","link":"https:\/\/wp.ufpel.edu.br\/progep\/2021\/08\/17\/capacita-na-web-capacitacoes-no-mes-de-setembro\/","title":{"rendered":"Capacita na Web: capacita\u00e7\u00f5es no m\u00eas de setembro"},"content":{"rendered":"<p style=\"text-align: justify\">A Coordena\u00e7\u00e3o de Desenvolvimento de Pessoal (CDP) da Pr\u00f3-Reitoria de Gest\u00e3o de Pessoas (PROGEP) est\u00e1 com inscri\u00e7\u00f5es abertas para novas capacita\u00e7\u00f5es que ser\u00e3o realizadas atrav\u00e9s da Plataforma Webconf da UFPEL:<\/p>\n<p style=\"text-align: justify\"><strong>02\/09 <\/strong>\u2013 das 10h \u00e0s 11h30min (quinta-feira)<br \/>\n<span style=\"color: #0000ff\"><strong>Roda de conversa: Patrim\u00f4nio, mem\u00f3ria e tradi\u00e7\u00f5es doceiras de Pelotas e regi\u00e3o.<br \/>\n<\/strong><\/span>A capacita\u00e7\u00e3o ir\u00e1 abordar quest\u00f5es sobre patrim\u00f4nio cultural e mem\u00f3ria social a partir das tradi\u00e7\u00f5es doceiras de Pelotas e o Museu do Doce (ICH-UFPel). Reconhecimento, materialidade e imaterialidade do patrim\u00f4nio. A mem\u00f3ria das tradi\u00e7\u00f5es doceiras de Pelotas e da antiga Pelotas. A imaterialidade do patrim\u00f4nio doceiro no Museu do Doce. Rela\u00e7\u00f5es entre mem\u00f3ria e fotografia na internet e redes sociais.<\/p>\n<p style=\"text-align: justify\"><strong>Facilitador:<\/strong> Roberto Heiden (Departamento de Museologia, Conserva\u00e7\u00e3o e Restauro-Instituto de Ci\u00eancias Humanas\/UFPel).<\/p>\n<p style=\"text-align: justify\"><strong>09\/09 <\/strong>\u2013 das 14h \u00e0s 15h30min (quinta-feira)<br \/>\n<span style=\"color: #0000ff\"><strong>Roda de conversa: <\/strong><strong>Sistema <em>Helios Voting<\/em> na UFPel &#8211; a participa\u00e7\u00e3o da comunidade acad\u00eamica em qualquer tempo<\/strong><strong>\u00a0<\/strong><\/span><\/p>\n<p style=\"text-align: justify\">A capacita\u00e7\u00e3o pretende apresentar o sistema Helios Voting utilizado para vota\u00e7\u00f5es online no \u00e2mbito da UFPel. Ser\u00e3o abordados alguns aspectos\u00a0 do sistema, tais como: origem, confiabilidade, seguran\u00e7a, sigilo e praticidade.<\/p>\n<p style=\"text-align: justify\"><strong>Facilitadores: <\/strong>Claiton Leoneti Lencina, Eduardo Marona Monks e Renata Vieira Rodrigues Severo<\/p>\n<p style=\"text-align: justify\"><strong>10\/09 <\/strong>\u2013 das 14h \u00e0s 16h (sexta-feira)<br \/>\n<span style=\"color: #0000ff\"><strong>Roda de conversa: <\/strong><strong>A Import\u00e2ncia de Gerir Pessoas no Contexto de Trabalho<\/strong><strong>\u00a0<\/strong><\/span><\/p>\n<p style=\"text-align: justify\">A capacita\u00e7\u00e3o ir\u00e1 desenvolver uma reflex\u00e3o sobre o mundo do trabalho e o seu impacto no servi\u00e7o p\u00fablico; novos v\u00ednculos e novas formas de relacionar com o trabalho; gest\u00e3o de equipes; e comunica\u00e7\u00e3o e engajamento das pessoas.<\/p>\n<p style=\"text-align: justify\"><strong>Facilitadora:<\/strong> Francielle Molon da Silva<\/p>\n<p>Todas as informa\u00e7\u00f5es sobre as capacita\u00e7\u00f5es e o link para as inscri\u00e7\u00f5es est\u00e3o dispon\u00edveis <span style=\"color: #ff6600\"><a style=\"color: #ff6600\" href=\"https:\/\/wp.ufpel.edu.br\/progep\/cdp\/nucleo-de-capacitacao\/acoes-de-capacitacao\/\"><strong>AQUI<\/strong><\/a>!<\/span><\/p>\n","protected":false},"excerpt":{"rendered":"<p>A Coordena\u00e7\u00e3o de Desenvolvimento de Pessoal (CDP) da Pr\u00f3-Reitoria de Gest\u00e3o de Pessoas (PROGEP) est\u00e1 com inscri\u00e7\u00f5es abertas para novas capacita\u00e7\u00f5es que ser\u00e3o realizadas atrav\u00e9s da Plataforma Webconf da UFPEL: 02\/09 \u2013 das 10h \u00e0s 11h30min (quinta-feira) Roda de conversa: Patrim\u00f4nio, mem\u00f3ria e tradi\u00e7\u00f5es doceiras de Pelotas e regi\u00e3o. A capacita\u00e7\u00e3o ir\u00e1 abordar quest\u00f5es sobre [&hellip;]<\/p>\n","protected":false},"author":21,"featured_media":0,"comment_status":"closed","ping_status":"closed","sticky":false,"template":"","format":"standard","meta":{"footnotes":""},"categories":[1],"tags":[],"class_list":["post-18280","post","type-post","status-publish","format-standard","hentry","category-noticias"],"jetpack_featured_media_url":"","_links":{"self":[{"href":"https:\/\/wp.ufpel.edu.br\/progep\/wp-json\/wp\/v2\/posts\/18280","targetHints":{"allow":["GET"]}}],"collection":[{"href":"https:\/\/wp.ufpel.edu.br\/progep\/wp-json\/wp\/v2\/posts"}],"about":[{"href":"https:\/\/wp.ufpel.edu.br\/progep\/wp-json\/wp\/v2\/types\/post"}],"author":[{"embeddable":true,"href":"https:\/\/wp.ufpel.edu.br\/progep\/wp-json\/wp\/v2\/users\/21"}],"replies":[{"embeddable":true,"href":"https:\/\/wp.ufpel.edu.br\/progep\/wp-json\/wp\/v2\/comments?post=18280"}],"version-history":[{"count":11,"href":"https:\/\/wp.ufpel.edu.br\/progep\/wp-json\/wp\/v2\/posts\/18280\/revisions"}],"predecessor-version":[{"id":18380,"href":"https:\/\/wp.ufpel.edu.br\/progep\/wp-json\/wp\/v2\/posts\/18280\/revisions\/18380"}],"wp:attachment":[{"href":"https:\/\/wp.ufpel.edu.br\/progep\/wp-json\/wp\/v2\/media?parent=18280"}],"wp:term":[{"taxonomy":"category","embeddable":true,"href":"https:\/\/wp.ufpel.edu.br\/progep\/wp-json\/wp\/v2\/categories?post=18280"},{"taxonomy":"post_tag","embeddable":true,"href":"https:\/\/wp.ufpel.edu.br\/progep\/wp-json\/wp\/v2\/tags?post=18280"}],"curies":[{"name":"wp","href":"https:\/\/api.w.org\/{rel}","templated":true}]}}