{"id":1800,"date":"2010-11-17T15:43:24","date_gmt":"2010-11-17T18:43:24","guid":{"rendered":"https:\/\/wp.ufpel.edu.br\/prgrh\/?p=1800"},"modified":"2011-02-11T09:33:01","modified_gmt":"2011-02-11T12:33:01","slug":"orientacao-sobre-estagio-probatorio","status":"publish","type":"post","link":"https:\/\/wp.ufpel.edu.br\/progep\/2010\/11\/17\/orientacao-sobre-estagio-probatorio\/","title":{"rendered":"Est\u00e1gio Probat\u00f3rio &#8211; Quem \u00e9 Avaliador?"},"content":{"rendered":"<p style=\"text-align: center\"><strong>Quem deve ser Chefia Avaliadora de Est\u00e1gio Probat\u00f3rio?<\/strong><\/p>\n<p>\u00a0&#8211; a que mais interage com o avaliado;<\/p>\n<p>\u00a0&#8211; a que tem oportunidade de observar o desempenho com mais\u00a0 freq\u00fc\u00eancia;<\/p>\n<p>\u00a0&#8211; a que det\u00e9m conhecimento das tarefas e dos padr\u00f5es de qualidade e produtividade a elas associados e<\/p>\n<p>\u00a0&#8211; obrigatoriamente, a que for investida de fun\u00e7\u00e3o de chefia constante na estrutura hier\u00e1rquica da UFPEL ou que<\/p>\n<p>\u00a0&#8211; tenha assumido, por Portaria &#8211; UFPEL, responsabilidade por\u00a0 setor ainda n\u00e3o constante do Organograma.<\/p>\n<p style=\"text-align: center\"><em>Outros esclarecimentos<\/em>:<\/p>\n<p style=\"text-align: justify\">\u00a0\u00a0\u00a0 Ser\u00e3o chefias avaliadoras os Servidores T\u00e9cnico-Administrativos ou Docentes que ocupem dire\u00e7\u00e3o, chefia ou coordena\u00e7\u00e3o nas Unidades. Exemplificando, o Servidor que, em Departamento de Unidade Acad\u00eamica, atue junto a docentes de disciplina, ter\u00e1 sua avalia\u00e7\u00e3o feita pelo Diretor de Departamento, ouvidos os mesmos docentes.<\/p>\n<p style=\"text-align: justify\">\u00a0\u00a0\u00a0 No caso de um Servidor exercer suas atividades atendendo a mais de um setor de trabalho, sugere-se que o desempenho, que ser\u00e1 observado e acompanhado por mais de uma chefia imediata, seja avaliado e consolidado por chefia superior, com base nas informa\u00e7\u00f5es de todos os demandantes de tarefas. Exemplificando, um servidor atue junto a mais de um Departamento em Unidade Acad\u00eamica, ser\u00e1 avaliado por seu Diretor; se, em Unidade Administrativa, atuar junto a mais de um N\u00facleo, ser\u00e1 avaliado por Coordenador ou \u00a0Diretor.<\/p>\n","protected":false},"excerpt":{"rendered":"<p>Quem deve ser Chefia Avaliadora de Est\u00e1gio Probat\u00f3rio? \u00a0&#8211; a que mais interage com o avaliado; \u00a0&#8211; a que tem oportunidade de observar o desempenho com mais\u00a0 freq\u00fc\u00eancia; \u00a0&#8211; a que det\u00e9m conhecimento das tarefas e dos padr\u00f5es de qualidade e produtividade a elas associados e \u00a0&#8211; obrigatoriamente, a que for investida de fun\u00e7\u00e3o de [&hellip;]<\/p>\n","protected":false},"author":21,"featured_media":0,"comment_status":"closed","ping_status":"open","sticky":false,"template":"","format":"standard","meta":{"footnotes":""},"categories":[1],"tags":[],"class_list":["post-1800","post","type-post","status-publish","format-standard","hentry","category-noticias"],"jetpack_featured_media_url":"","_links":{"self":[{"href":"https:\/\/wp.ufpel.edu.br\/progep\/wp-json\/wp\/v2\/posts\/1800","targetHints":{"allow":["GET"]}}],"collection":[{"href":"https:\/\/wp.ufpel.edu.br\/progep\/wp-json\/wp\/v2\/posts"}],"about":[{"href":"https:\/\/wp.ufpel.edu.br\/progep\/wp-json\/wp\/v2\/types\/post"}],"author":[{"embeddable":true,"href":"https:\/\/wp.ufpel.edu.br\/progep\/wp-json\/wp\/v2\/users\/21"}],"replies":[{"embeddable":true,"href":"https:\/\/wp.ufpel.edu.br\/progep\/wp-json\/wp\/v2\/comments?post=1800"}],"version-history":[{"count":5,"href":"https:\/\/wp.ufpel.edu.br\/progep\/wp-json\/wp\/v2\/posts\/1800\/revisions"}],"predecessor-version":[{"id":1803,"href":"https:\/\/wp.ufpel.edu.br\/progep\/wp-json\/wp\/v2\/posts\/1800\/revisions\/1803"}],"wp:attachment":[{"href":"https:\/\/wp.ufpel.edu.br\/progep\/wp-json\/wp\/v2\/media?parent=1800"}],"wp:term":[{"taxonomy":"category","embeddable":true,"href":"https:\/\/wp.ufpel.edu.br\/progep\/wp-json\/wp\/v2\/categories?post=1800"},{"taxonomy":"post_tag","embeddable":true,"href":"https:\/\/wp.ufpel.edu.br\/progep\/wp-json\/wp\/v2\/tags?post=1800"}],"curies":[{"name":"wp","href":"https:\/\/api.w.org\/{rel}","templated":true}]}}