{"id":17595,"date":"2021-05-17T17:56:31","date_gmt":"2021-05-17T20:56:31","guid":{"rendered":"https:\/\/wp.ufpel.edu.br\/progep\/?p=17595"},"modified":"2022-09-26T21:03:57","modified_gmt":"2022-09-27T00:03:57","slug":"capacita-na-web-novas-capacitacoes-de-maio","status":"publish","type":"post","link":"https:\/\/wp.ufpel.edu.br\/progep\/2021\/05\/17\/capacita-na-web-novas-capacitacoes-de-maio\/","title":{"rendered":"Capacita na web &#8211; Novas capacita\u00e7\u00f5es de Maio"},"content":{"rendered":"<p>A Coordena\u00e7\u00e3o de Desenvolvimento de Pessoal (CDP) da Pr\u00f3-Reitoria de Gest\u00e3o de Pessoas (PROGEP) est\u00e1 com inscri\u00e7\u00f5es abertas para novas capacita\u00e7\u00f5es que ser\u00e3o realizadas atrav\u00e9s da Plataforma Webconf da UFPEL, s\u00e3o elas:<\/p>\n<p><strong>28\/05<\/strong>\u2013 14h \u00e0s 15h30min (sexta-feira)<br \/>\n<span style=\"color: #3366ff\"><strong>Roda de conversa: Diabetes, Nutri\u00e7\u00e3o e qualidade de vida<br \/>\n<\/strong><\/span>A capacita\u00e7\u00e3o pretende abordar os tipos de diabetes; etiologia; mitos sobre o diabetes; tratamento e orienta\u00e7\u00f5es nutricionais.<br \/>\n<strong>Facilitadora: <\/strong>Anne y Castro Marques<\/p>\n<div dir=\"ltr\">\n<p class=\"Texto_Justificado_Recuo_Primeira_Linha\"><strong>02\/06<\/strong>\u2013 14h\u00a0 \u00e0s 15h30min (quarta-feira)<br \/>\n<span style=\"color: #3366ff\"><strong>Roda de conversa: Estudante com Down na UFPel, e agora?<br \/>\n<\/strong><\/span>A capacita\u00e7\u00e3o visa compreender o que \u00e9 a S\u00edndrome de Down; o perfil de aprendizado, os potenciais e os inibidores; as estrat\u00e9gias; a consolida\u00e7\u00e3o e a reten\u00e7\u00e3o da aprendizagem.<br \/>\n<strong>Facilitadora:\u00a0<\/strong>Gilsenira de Alcino Rangel<\/p>\n<\/div>\n<p>Todas as informa\u00e7\u00f5es sobre a capacita\u00e7\u00e3o e o link para a inscri\u00e7\u00e3o est\u00e3o dispon\u00edveis <span style=\"color: #ff6600\"><a style=\"color: #ff6600\" href=\"https:\/\/wp.ufpel.edu.br\/progep\/cdp\/nucleo-de-capacitacao\/acoes-de-capacitacao\/\"><strong>AQUI<\/strong><\/a>!<\/span><\/p>\n","protected":false},"excerpt":{"rendered":"<p>A Coordena\u00e7\u00e3o de Desenvolvimento de Pessoal (CDP) da Pr\u00f3-Reitoria de Gest\u00e3o de Pessoas (PROGEP) est\u00e1 com inscri\u00e7\u00f5es abertas para novas capacita\u00e7\u00f5es que ser\u00e3o realizadas atrav\u00e9s da Plataforma Webconf da UFPEL, s\u00e3o elas: 28\/05\u2013 14h \u00e0s 15h30min (sexta-feira) Roda de conversa: Diabetes, Nutri\u00e7\u00e3o e qualidade de vida A capacita\u00e7\u00e3o pretende abordar os tipos de diabetes; etiologia; [&hellip;]<\/p>\n","protected":false},"author":21,"featured_media":0,"comment_status":"closed","ping_status":"closed","sticky":false,"template":"","format":"standard","meta":{"footnotes":""},"categories":[1],"tags":[],"class_list":["post-17595","post","type-post","status-publish","format-standard","hentry","category-noticias"],"jetpack_featured_media_url":"","_links":{"self":[{"href":"https:\/\/wp.ufpel.edu.br\/progep\/wp-json\/wp\/v2\/posts\/17595","targetHints":{"allow":["GET"]}}],"collection":[{"href":"https:\/\/wp.ufpel.edu.br\/progep\/wp-json\/wp\/v2\/posts"}],"about":[{"href":"https:\/\/wp.ufpel.edu.br\/progep\/wp-json\/wp\/v2\/types\/post"}],"author":[{"embeddable":true,"href":"https:\/\/wp.ufpel.edu.br\/progep\/wp-json\/wp\/v2\/users\/21"}],"replies":[{"embeddable":true,"href":"https:\/\/wp.ufpel.edu.br\/progep\/wp-json\/wp\/v2\/comments?post=17595"}],"version-history":[{"count":5,"href":"https:\/\/wp.ufpel.edu.br\/progep\/wp-json\/wp\/v2\/posts\/17595\/revisions"}],"predecessor-version":[{"id":17682,"href":"https:\/\/wp.ufpel.edu.br\/progep\/wp-json\/wp\/v2\/posts\/17595\/revisions\/17682"}],"wp:attachment":[{"href":"https:\/\/wp.ufpel.edu.br\/progep\/wp-json\/wp\/v2\/media?parent=17595"}],"wp:term":[{"taxonomy":"category","embeddable":true,"href":"https:\/\/wp.ufpel.edu.br\/progep\/wp-json\/wp\/v2\/categories?post=17595"},{"taxonomy":"post_tag","embeddable":true,"href":"https:\/\/wp.ufpel.edu.br\/progep\/wp-json\/wp\/v2\/tags?post=17595"}],"curies":[{"name":"wp","href":"https:\/\/api.w.org\/{rel}","templated":true}]}}