{"id":17432,"date":"2021-04-22T16:56:42","date_gmt":"2021-04-22T19:56:42","guid":{"rendered":"https:\/\/wp.ufpel.edu.br\/progep\/?p=17432"},"modified":"2022-09-26T21:04:30","modified_gmt":"2022-09-27T00:04:30","slug":"rodas-de-conversa-do-capacita-na-web-novas-acoes","status":"publish","type":"post","link":"https:\/\/wp.ufpel.edu.br\/progep\/2021\/04\/22\/rodas-de-conversa-do-capacita-na-web-novas-acoes\/","title":{"rendered":"Novas a\u00e7\u00f5es de capacita\u00e7\u00e3o"},"content":{"rendered":"<p class=\"Texto_Justificado_Recuo_Primeira_Linha\">A Coordena\u00e7\u00e3o de Desenvolvimento de Pessoal (CDP) da Pr\u00f3-Reitoria de Gest\u00e3o de Pessoas (PROGEP), atrav\u00e9s do Projeto Capacita na Web, divulga as seguintes capacita\u00e7\u00f5es que ser\u00e3o\u00a0\u00a0realizadas atrav\u00e9s da Plataforma Webconf da UFPEL, no m\u00eas de maio:<\/p>\n<p class=\"Texto_Justificado_Recuo_Primeira_Linha\"><strong>05\/05\/2021<\/strong> (quarta-feira) \u2013 das 09n \u00e0s 11h<\/p>\n<p><span style=\"color: #0000ff\"><strong>Capacita\u00e7\u00e3o em Gest\u00e3o Patrimonial de Bens M\u00f3veis na UFPel<br \/>\n<\/strong><\/span>A capacita\u00e7\u00e3o pretende abordar os seguinte t\u00f3picos:<br \/>\n1. Responsabilidade sobre o material permanente da Institui\u00e7\u00e3o;<br \/>\n2. Registro de bens m\u00f3veis com recurso de projetos;<br \/>\n3.\u00a0Entrega centralizada dos bens permanentes;<br \/>\n4.\u00a0Transfer\u00eancia de bens entre Unidades;<br \/>\n5. Empr\u00e9stimo de bens entre Unidades;<br \/>\n6.\u00a0Envio de bens \u00e0 URDB\u00a0(Unidade de Recolhimento e Desfazimento de Bens);<br \/>\n7.\u00a0Retirada de bens da URDB (reaproveitamento de bens);<br \/>\n8.\u00a0Manuten\u00e7\u00e3o de Equipamentos;<br \/>\n9. Autoriza\u00e7\u00e3o para sa\u00edda de bem Patrimonial da UFPel;<br \/>\n10. Bens particulares em uso na UFPel;<br \/>\n11. TCA \u2013 Termo Circunstanciado Administrativo;<br \/>\n12.\u00a0Invent\u00e1rio na UFPel.<br \/>\n13. Manual de Gest\u00e3o Patrimonial da UFPel.<br \/>\n<strong>Facilitadoras:<\/strong> Eliara Santos da Silva\u00a0 e\u00a0 Marcia Correa Larrossa<\/p>\n<p class=\"Texto_Justificado_Recuo_Primeira_Linha\"><strong>06\/05\/2021<\/strong> (quinta-feira) \u2013 das 14h30min\u00a0 \u00e0s 16h30mi<\/p>\n<p class=\"Texto_Justificado_Recuo_Primeira_Linha\"><span style=\"color: #0000ff\"><strong>Roda de conversa: <\/strong><strong>Sa\u00fade mental da comunidade universit\u00e1ria<\/strong><\/span><\/p>\n<p class=\"Texto_Justificado_Recuo_Primeira_Linha\">Esta capacita\u00e7\u00e3o tem o intuito de abordar a sa\u00fade mental. Preval\u00eancia de sintomas de ansiedade e depress\u00e3o na comunidade universit\u00e1ria. Estrat\u00e9gias de enfrentamento em sa\u00fade mental.<br \/>\n<strong>Facilitadores: <\/strong>Mateus Luz Levandowski e Tiago Neuenfeld Munhoz<\/p>\n<p>Todas as informa\u00e7\u00f5es sobre as capacita\u00e7\u00f5es e o link para a inscri\u00e7\u00e3o est\u00e3o dispon\u00edveis <span style=\"color: #ff6600\"><a style=\"color: #ff6600\" href=\"https:\/\/wp.ufpel.edu.br\/progep\/cdp\/nucleo-de-capacitacao\/acoes-de-capacitacao\/\"><strong>AQUI<\/strong><\/a>!<\/span><\/p>\n","protected":false},"excerpt":{"rendered":"<p>A Coordena\u00e7\u00e3o de Desenvolvimento de Pessoal (CDP) da Pr\u00f3-Reitoria de Gest\u00e3o de Pessoas (PROGEP), atrav\u00e9s do Projeto Capacita na Web, divulga as seguintes capacita\u00e7\u00f5es que ser\u00e3o\u00a0\u00a0realizadas atrav\u00e9s da Plataforma Webconf da UFPEL, no m\u00eas de maio: 05\/05\/2021 (quarta-feira) \u2013 das 09n \u00e0s 11h Capacita\u00e7\u00e3o em Gest\u00e3o Patrimonial de Bens M\u00f3veis na UFPel A capacita\u00e7\u00e3o pretende [&hellip;]<\/p>\n","protected":false},"author":21,"featured_media":0,"comment_status":"closed","ping_status":"closed","sticky":false,"template":"","format":"standard","meta":{"footnotes":""},"categories":[1],"tags":[],"class_list":["post-17432","post","type-post","status-publish","format-standard","hentry","category-noticias"],"jetpack_featured_media_url":"","_links":{"self":[{"href":"https:\/\/wp.ufpel.edu.br\/progep\/wp-json\/wp\/v2\/posts\/17432","targetHints":{"allow":["GET"]}}],"collection":[{"href":"https:\/\/wp.ufpel.edu.br\/progep\/wp-json\/wp\/v2\/posts"}],"about":[{"href":"https:\/\/wp.ufpel.edu.br\/progep\/wp-json\/wp\/v2\/types\/post"}],"author":[{"embeddable":true,"href":"https:\/\/wp.ufpel.edu.br\/progep\/wp-json\/wp\/v2\/users\/21"}],"replies":[{"embeddable":true,"href":"https:\/\/wp.ufpel.edu.br\/progep\/wp-json\/wp\/v2\/comments?post=17432"}],"version-history":[{"count":4,"href":"https:\/\/wp.ufpel.edu.br\/progep\/wp-json\/wp\/v2\/posts\/17432\/revisions"}],"predecessor-version":[{"id":21277,"href":"https:\/\/wp.ufpel.edu.br\/progep\/wp-json\/wp\/v2\/posts\/17432\/revisions\/21277"}],"wp:attachment":[{"href":"https:\/\/wp.ufpel.edu.br\/progep\/wp-json\/wp\/v2\/media?parent=17432"}],"wp:term":[{"taxonomy":"category","embeddable":true,"href":"https:\/\/wp.ufpel.edu.br\/progep\/wp-json\/wp\/v2\/categories?post=17432"},{"taxonomy":"post_tag","embeddable":true,"href":"https:\/\/wp.ufpel.edu.br\/progep\/wp-json\/wp\/v2\/tags?post=17432"}],"curies":[{"name":"wp","href":"https:\/\/api.w.org\/{rel}","templated":true}]}}