{"id":17147,"date":"2021-03-24T15:01:34","date_gmt":"2021-03-24T18:01:34","guid":{"rendered":"https:\/\/wp.ufpel.edu.br\/progep\/?p=17147"},"modified":"2022-09-26T21:07:34","modified_gmt":"2022-09-27T00:07:34","slug":"capacita-na-web-novas-capacitacoes-no-mes-de-abril","status":"publish","type":"post","link":"https:\/\/wp.ufpel.edu.br\/progep\/2021\/03\/24\/capacita-na-web-novas-capacitacoes-no-mes-de-abril\/","title":{"rendered":"Capacita na Web: novas capacita\u00e7\u00f5es no m\u00eas de abril"},"content":{"rendered":"<p>A Coordena\u00e7\u00e3o de Desenvolvimento de Pessoal (CDP) da Pr\u00f3-Reitoria de Gest\u00e3o de Pessoas (PROGEP) est\u00e1 com inscri\u00e7\u00f5es abertas para novas capacita\u00e7\u00f5es que ser\u00e3o realizadas atrav\u00e9s da Plataforma Webconf da UFPEL, s\u00e3o elas:<\/p>\n<p><strong>07\/04<\/strong> &#8211; 10h-\u00e0s 12h (quarta-feira).<br \/>\n<strong><span style=\"color: #3366ff\">Roda de conversa: Perman\u00eancia Discente- Possibilidades, limites e desafios<\/span><br \/>\n<\/strong>A capacita\u00e7\u00e3o se prop\u00f5em a fazer um di\u00e1logo sobre os aspectos relevantes do trabalho que a Pr\u00f3-Reitoria de Assuntos Estudantis desenvolve, visando \u00e0 qualidade da perman\u00eancia discente na UFPel.<br \/>\n<strong>Facilitadores: L\u00facia Maria Vaz Peres, Juliana Antunes Souza e Ana Paula Pereira Neto Barbosa<\/strong><\/p>\n<p><strong>09\/04<\/strong>\u2013 10h \u00e0s 11h (sexta-feira)<br \/>\n<strong><span style=\"color: #3366ff\">Roda de conversa: Conhecendo a Pr\u00f3-Reitoria de Assuntos Estudantis<\/span><br \/>\n<\/strong>A capacita\u00e7\u00e3o visa apresentar as coordena\u00e7\u00f5es da PRAE e suas respectivas fun\u00e7\u00f5es; estreitar la\u00e7os entre PRAE e comunidade da UFPEL para melhoria dos encaminhamentos e procedimentos junto ao estudante.<br \/>\n<strong>Facilitadores: Fabiane Tejada da Silveira; L\u00facia Maria Vaz Peres; Rosendo da Rosa Caetano e Rosane Maria dos Santos Brand\u00e3o<\/strong><\/p>\n<p><strong>13\/04<\/strong>\u2013 09h \u00e0s 11h (ter\u00e7a-feira).<br \/>\n<strong><span style=\"color: #3366ff\">Roda de conversa: Planejar o tempo no home office- o desafio de equilibrar os pratos da vida<\/span><br \/>\n<\/strong>Compreender o planejamento na gest\u00e3o do tempo. Trabalho em homeoffice e Tempo Livre Produtivo. Prioridades e Necessidades diante da atual Pandemia. T\u00e9cnicas que ajudam na gest\u00e3o do tempo. O tempo n\u00e3o para, o tempo n\u00e3o volta.<br \/>\n<strong>Facilitadores: Simone Portella Teixeira de Mello<\/strong><\/p>\n<p>Todas as informa\u00e7\u00f5es sobre a capacita\u00e7\u00e3o e o link para a inscri\u00e7\u00e3o est\u00e3o dispon\u00edveis\u00a0<span style=\"color: #ff6600\"><a style=\"color: #ff6600\" href=\"https:\/\/wp.ufpel.edu.br\/progep\/cdp\/nucleo-de-capacitacao\/acoes-de-capacitacao\/\"><strong>AQUI<\/strong><\/a>!<\/span><\/p>\n","protected":false},"excerpt":{"rendered":"<p>A Coordena\u00e7\u00e3o de Desenvolvimento de Pessoal (CDP) da Pr\u00f3-Reitoria de Gest\u00e3o de Pessoas (PROGEP) est\u00e1 com inscri\u00e7\u00f5es abertas para novas capacita\u00e7\u00f5es que ser\u00e3o realizadas atrav\u00e9s da Plataforma Webconf da UFPEL, s\u00e3o elas: 07\/04 &#8211; 10h-\u00e0s 12h (quarta-feira). Roda de conversa: Perman\u00eancia Discente- Possibilidades, limites e desafios A capacita\u00e7\u00e3o se prop\u00f5em a fazer um di\u00e1logo sobre [&hellip;]<\/p>\n","protected":false},"author":21,"featured_media":0,"comment_status":"closed","ping_status":"closed","sticky":false,"template":"","format":"standard","meta":{"footnotes":""},"categories":[1],"tags":[],"class_list":["post-17147","post","type-post","status-publish","format-standard","hentry","category-noticias"],"jetpack_featured_media_url":"","_links":{"self":[{"href":"https:\/\/wp.ufpel.edu.br\/progep\/wp-json\/wp\/v2\/posts\/17147","targetHints":{"allow":["GET"]}}],"collection":[{"href":"https:\/\/wp.ufpel.edu.br\/progep\/wp-json\/wp\/v2\/posts"}],"about":[{"href":"https:\/\/wp.ufpel.edu.br\/progep\/wp-json\/wp\/v2\/types\/post"}],"author":[{"embeddable":true,"href":"https:\/\/wp.ufpel.edu.br\/progep\/wp-json\/wp\/v2\/users\/21"}],"replies":[{"embeddable":true,"href":"https:\/\/wp.ufpel.edu.br\/progep\/wp-json\/wp\/v2\/comments?post=17147"}],"version-history":[{"count":11,"href":"https:\/\/wp.ufpel.edu.br\/progep\/wp-json\/wp\/v2\/posts\/17147\/revisions"}],"predecessor-version":[{"id":17184,"href":"https:\/\/wp.ufpel.edu.br\/progep\/wp-json\/wp\/v2\/posts\/17147\/revisions\/17184"}],"wp:attachment":[{"href":"https:\/\/wp.ufpel.edu.br\/progep\/wp-json\/wp\/v2\/media?parent=17147"}],"wp:term":[{"taxonomy":"category","embeddable":true,"href":"https:\/\/wp.ufpel.edu.br\/progep\/wp-json\/wp\/v2\/categories?post=17147"},{"taxonomy":"post_tag","embeddable":true,"href":"https:\/\/wp.ufpel.edu.br\/progep\/wp-json\/wp\/v2\/tags?post=17147"}],"curies":[{"name":"wp","href":"https:\/\/api.w.org\/{rel}","templated":true}]}}