{"id":17034,"date":"2021-03-10T12:02:15","date_gmt":"2021-03-10T15:02:15","guid":{"rendered":"https:\/\/wp.ufpel.edu.br\/progep\/?p=17034"},"modified":"2022-09-26T21:07:50","modified_gmt":"2022-09-27T00:07:50","slug":"novas-capacitacoes-no-mes-de-marco","status":"publish","type":"post","link":"https:\/\/wp.ufpel.edu.br\/progep\/2021\/03\/10\/novas-capacitacoes-no-mes-de-marco\/","title":{"rendered":"Novas capacita\u00e7\u00f5es no m\u00eas de mar\u00e7o"},"content":{"rendered":"<p class=\"Texto_Justificado_Recuo_Primeira_Linha\">A Coordena\u00e7\u00e3o de Desenvolvimento de Pessoal (CDP) da Pr\u00f3-Reitoria de Gest\u00e3o de Pessoas (PROGEP) divulga capacita\u00e7\u00f5es que ser\u00e3o realizadas no m\u00eas de mar\u00e7o, s\u00e3o elas:<\/p>\n<p class=\"Texto_Justificado_Recuo_Primeira_Linha\"><strong>15\/03<\/strong>\u2013 14h\u00a0 (segunda-feira)<br \/>\n<span style=\"color: #3366ff\"><strong>Roda de conversa: Sa\u00fade da Mulher: Preven\u00e7\u00e3o nas diferentes faixas et\u00e1rias<\/strong><\/span><\/p>\n<p class=\"Texto_Justificado_Recuo_Primeira_Linha\">A roda de conversa abordar\u00e1 os cuidados com sa\u00fade da mulher e a import\u00e2ncia da preven\u00e7\u00e3o nas diferentes faixas et\u00e1rias.<br \/>\nFacilitadora: professora Lara Florio Real Loyola, da Faculdade de Medicina da UFPEL.<\/p>\n<p><strong>17\/03 e 18\/03<\/strong>\u2013 \u00a08h30min \u00e0s 11h30min \u00a0(quarta-feira e quinta-feira)<br \/>\n<span style=\"color: #3366ff\"><strong>Capacita\u00e7\u00e3o sobre procedimentos de compras\/contrata\u00e7\u00f5es e Sistemas de Compras \u2013 Turma 2<\/strong><\/span><\/p>\n<p class=\"Texto_Justificado\">A capacita\u00e7\u00e3o destina-se a aprofundar saberes sobre procedimentos de compras\/contrata\u00e7\u00f5es e Sistemas de Compras. Dentre os temas tratados ser\u00e3o abordados: Processo licitat\u00f3rio, dispensa de licita\u00e7\u00e3o e inexigibilidade de licita\u00e7\u00e3o; Termo de refer\u00eancia; Planejamento e an\u00e1lise de documenta\u00e7\u00e3o; Nota de Empenho; Recebimento de Material\/Servi\u00e7o; Material Laboratorial de uso controlado pela Pol\u00edcia Federal; Planejamento e Gerenciamento de Contrata\u00e7\u00f5es \u2013 PGC e Apresenta\u00e7\u00e3o do Sistema de Compras e suas funcionalidades.<br \/>\nFacilitadoras: Eli\u00e1ra Santos da Silva, Andr\u00e9ia Xavier Farias e Ana Paula Santos Grupelli<\/p>\n<p><strong>22\/03, 23\/03, 26\/03, 29\/03 e 30\/03<\/strong>\u2013 14h-\u00e0s 16:00\u00a0 (com in\u00edcio na segunda-feira)<br \/>\n<span style=\"color: #3366ff\"><strong>Curso de Estudos de G\u00eanero e Epistemologia Feminista<\/strong><\/span><\/p>\n<p>O curso visa aprofundar saberes sobre a quest\u00e3o de G\u00eanero e a Epistemologia Feminista e entre os t\u00f3picos refletir sobre as rela\u00e7\u00f5es de poder e as tecnologias do g\u00eanero, bem como o trabalho e as rela\u00e7\u00f5es de poder genrificadas. O curso ter\u00e1 tamb\u00e9m atividades ass\u00edncronas.<br \/>\nFacilitadora: Prof\u00aa Rejane Barreto jardim<\/p>\n<p><strong>25\/03<\/strong>\u2013 9h \u00e0s 10h\u00a0 (quinta-feira)<br \/>\n<span style=\"color: #3366ff\"><strong>Roda de Conversa:<\/strong> <strong>Ferramentas de Aux\u00edlio ao Trabalho Remoto, como a TI pode te ajudar!<\/strong><\/span><\/p>\n<p>A capacita\u00e7\u00e3o busca apresentar experi\u00eancias sobre as ferramentas e servi\u00e7os que est\u00e3o dispon\u00edveis para o bom desempenho do trabalho remoto.<br \/>\nFacilitadores: Rafael Padilha, Eduardo Maro\u00f1as Monks<\/p>\n<p>Todas as informa\u00e7\u00f5es sobre a a\u00e7\u00e3o e o link para inscri\u00e7\u00f5es est\u00e3o dispon\u00edveis<strong>\u00a0<span style=\"color: #ff6600\"><a style=\"color: #ff6600\" href=\"https:\/\/wp.ufpel.edu.br\/progep\/cdp\/nucleo-de-capacitacao\/acoes-de-capacitacao\/\">AQUI!<\/a><\/span><\/strong><\/p>\n<p>&nbsp;<\/p>\n","protected":false},"excerpt":{"rendered":"<p>A Coordena\u00e7\u00e3o de Desenvolvimento de Pessoal (CDP) da Pr\u00f3-Reitoria de Gest\u00e3o de Pessoas (PROGEP) divulga capacita\u00e7\u00f5es que ser\u00e3o realizadas no m\u00eas de mar\u00e7o, s\u00e3o elas: 15\/03\u2013 14h\u00a0 (segunda-feira) Roda de conversa: Sa\u00fade da Mulher: Preven\u00e7\u00e3o nas diferentes faixas et\u00e1rias A roda de conversa abordar\u00e1 os cuidados com sa\u00fade da mulher e a import\u00e2ncia da preven\u00e7\u00e3o [&hellip;]<\/p>\n","protected":false},"author":21,"featured_media":0,"comment_status":"closed","ping_status":"closed","sticky":false,"template":"","format":"standard","meta":{"footnotes":""},"categories":[1],"tags":[],"class_list":["post-17034","post","type-post","status-publish","format-standard","hentry","category-noticias"],"jetpack_featured_media_url":"","_links":{"self":[{"href":"https:\/\/wp.ufpel.edu.br\/progep\/wp-json\/wp\/v2\/posts\/17034","targetHints":{"allow":["GET"]}}],"collection":[{"href":"https:\/\/wp.ufpel.edu.br\/progep\/wp-json\/wp\/v2\/posts"}],"about":[{"href":"https:\/\/wp.ufpel.edu.br\/progep\/wp-json\/wp\/v2\/types\/post"}],"author":[{"embeddable":true,"href":"https:\/\/wp.ufpel.edu.br\/progep\/wp-json\/wp\/v2\/users\/21"}],"replies":[{"embeddable":true,"href":"https:\/\/wp.ufpel.edu.br\/progep\/wp-json\/wp\/v2\/comments?post=17034"}],"version-history":[{"count":8,"href":"https:\/\/wp.ufpel.edu.br\/progep\/wp-json\/wp\/v2\/posts\/17034\/revisions"}],"predecessor-version":[{"id":17054,"href":"https:\/\/wp.ufpel.edu.br\/progep\/wp-json\/wp\/v2\/posts\/17034\/revisions\/17054"}],"wp:attachment":[{"href":"https:\/\/wp.ufpel.edu.br\/progep\/wp-json\/wp\/v2\/media?parent=17034"}],"wp:term":[{"taxonomy":"category","embeddable":true,"href":"https:\/\/wp.ufpel.edu.br\/progep\/wp-json\/wp\/v2\/categories?post=17034"},{"taxonomy":"post_tag","embeddable":true,"href":"https:\/\/wp.ufpel.edu.br\/progep\/wp-json\/wp\/v2\/tags?post=17034"}],"curies":[{"name":"wp","href":"https:\/\/api.w.org\/{rel}","templated":true}]}}