{"id":17021,"date":"2021-03-10T08:36:44","date_gmt":"2021-03-10T11:36:44","guid":{"rendered":"https:\/\/wp.ufpel.edu.br\/progep\/?p=17021"},"modified":"2022-09-26T21:08:02","modified_gmt":"2022-09-27T00:08:02","slug":"capacitacao-sobre-procedimentos-de-compras-contratacoes-e-sistemas-de-compras-nova-turma","status":"publish","type":"post","link":"https:\/\/wp.ufpel.edu.br\/progep\/2021\/03\/10\/capacitacao-sobre-procedimentos-de-compras-contratacoes-e-sistemas-de-compras-nova-turma\/","title":{"rendered":"Nova Turma: Capacita\u00e7\u00e3o sobre procedimentos de compras\/contrata\u00e7\u00f5es e Sistemas de Compras"},"content":{"rendered":"<p>A Coordena\u00e7\u00e3o de Desenvolvimento de Pessoal (CDP\/PROGEP) comunica que abriu inscri\u00e7\u00f5es para uma nova turma da \u201c<strong>Capacita\u00e7\u00e3o sobre procedimentos de compras\/contrata\u00e7\u00f5es e Sistemas de Compras e Or\u00e7amento<\/strong>\u201d, destinada aos servidores que realizam procedimentos relacionados a essas \u00e1reas.<\/p>\n<p>O curso ser\u00e1 realizado de 17 de mar\u00e7o a 18 de mar\u00e7o de 2021, na plataforma Webconf da UFPel (na modalidade\u00a0<em>on-line).<\/em><\/p>\n<p>Todas as informa\u00e7\u00f5es sobre a capacita\u00e7\u00e3o e o link para a inscri\u00e7\u00e3o est\u00e3o dispon\u00edveis\u00a0<span style=\"color: #ff6600\"><a style=\"color: #ff6600\" href=\"https:\/\/wp.ufpel.edu.br\/progep\/inscricoes-para-curso\/\"><strong>AQUI<\/strong><\/a>!<\/span><\/p>\n<p>&nbsp;<\/p>\n","protected":false},"excerpt":{"rendered":"<p>A Coordena\u00e7\u00e3o de Desenvolvimento de Pessoal (CDP\/PROGEP) comunica que abriu inscri\u00e7\u00f5es para uma nova turma da \u201cCapacita\u00e7\u00e3o sobre procedimentos de compras\/contrata\u00e7\u00f5es e Sistemas de Compras e Or\u00e7amento\u201d, destinada aos servidores que realizam procedimentos relacionados a essas \u00e1reas. O curso ser\u00e1 realizado de 17 de mar\u00e7o a 18 de mar\u00e7o de 2021, na plataforma Webconf da [&hellip;]<\/p>\n","protected":false},"author":21,"featured_media":0,"comment_status":"closed","ping_status":"closed","sticky":false,"template":"","format":"standard","meta":{"footnotes":""},"categories":[1],"tags":[],"class_list":["post-17021","post","type-post","status-publish","format-standard","hentry","category-noticias"],"jetpack_featured_media_url":"","_links":{"self":[{"href":"https:\/\/wp.ufpel.edu.br\/progep\/wp-json\/wp\/v2\/posts\/17021","targetHints":{"allow":["GET"]}}],"collection":[{"href":"https:\/\/wp.ufpel.edu.br\/progep\/wp-json\/wp\/v2\/posts"}],"about":[{"href":"https:\/\/wp.ufpel.edu.br\/progep\/wp-json\/wp\/v2\/types\/post"}],"author":[{"embeddable":true,"href":"https:\/\/wp.ufpel.edu.br\/progep\/wp-json\/wp\/v2\/users\/21"}],"replies":[{"embeddable":true,"href":"https:\/\/wp.ufpel.edu.br\/progep\/wp-json\/wp\/v2\/comments?post=17021"}],"version-history":[{"count":2,"href":"https:\/\/wp.ufpel.edu.br\/progep\/wp-json\/wp\/v2\/posts\/17021\/revisions"}],"predecessor-version":[{"id":17023,"href":"https:\/\/wp.ufpel.edu.br\/progep\/wp-json\/wp\/v2\/posts\/17021\/revisions\/17023"}],"wp:attachment":[{"href":"https:\/\/wp.ufpel.edu.br\/progep\/wp-json\/wp\/v2\/media?parent=17021"}],"wp:term":[{"taxonomy":"category","embeddable":true,"href":"https:\/\/wp.ufpel.edu.br\/progep\/wp-json\/wp\/v2\/categories?post=17021"},{"taxonomy":"post_tag","embeddable":true,"href":"https:\/\/wp.ufpel.edu.br\/progep\/wp-json\/wp\/v2\/tags?post=17021"}],"curies":[{"name":"wp","href":"https:\/\/api.w.org\/{rel}","templated":true}]}}