{"id":17011,"date":"2021-03-08T16:15:34","date_gmt":"2021-03-08T19:15:34","guid":{"rendered":"https:\/\/wp.ufpel.edu.br\/progep\/?p=17011"},"modified":"2021-03-10T17:22:11","modified_gmt":"2021-03-10T20:22:11","slug":"capacita-na-web-saude-da-mulher-prevencao-nas-diferentes-faixas-etarias-nova-data","status":"publish","type":"post","link":"https:\/\/wp.ufpel.edu.br\/progep\/2021\/03\/08\/capacita-na-web-saude-da-mulher-prevencao-nas-diferentes-faixas-etarias-nova-data\/","title":{"rendered":"Capacita na Web &#8211; Sa\u00fade da mulher: preven\u00e7\u00e3o nas diferentes faixas et\u00e1rias NOVA DATA"},"content":{"rendered":"<p style=\"text-align: justify\">A Coordena\u00e7\u00e3o de Desenvolvimento de Pessoal informa que a Roda de conversa &#8220;Sa\u00fade da mulher: preven\u00e7\u00e3o nas diferentes faixas et\u00e1rias&#8221; ser\u00e1 realizada em nova data, em raz\u00e3o de problemas t\u00e9cnicos ocorridos na data de hoje.<\/p>\n<p style=\"text-align: justify\">Servidores anteriormente inscritos est\u00e3o confirmados para o novo dia e receber\u00e3o instru\u00e7\u00f5es de acesso ao evento quando da homologa\u00e7\u00e3o.<\/p>\n<p style=\"text-align: justify\">Assim, divulgamos que a nova a\u00e7\u00e3o ocorrer\u00e1 conforme abaixo:<\/p>\n<p class=\"Texto_Justificado_Recuo_Primeira_Linha\" style=\"text-align: justify\"><strong>15\/03<\/strong>\u2013 14h (segunda-feira)<br \/>\n<strong>Roda de Conversa: Sa\u00fade da mulher: preven\u00e7\u00e3o nas diferentes faixas et\u00e1rias<\/strong><\/p>\n<p class=\"Texto_Justificado_Recuo_Primeira_Linha\" style=\"text-align: justify\">A roda de conversa abordar\u00e1 os cuidados com sa\u00fade da mulher e a import\u00e2ncia da preven\u00e7\u00e3o nas diferentes faixas et\u00e1rias. A a\u00e7\u00e3o de capacita\u00e7\u00e3o ser\u00e1 conduzida pela professora Lara Florio Real Loyola, da Faculdade de Medicina da UFPEL.<\/p>\n<p style=\"text-align: justify\">Todas as informa\u00e7\u00f5es sobre a a\u00e7\u00e3o e o link para inscri\u00e7\u00f5es est\u00e3o dispon\u00edveis<span style=\"color: #ff6600\"><strong>\u00a0<a style=\"color: #ff6600\" href=\"https:\/\/wp.ufpel.edu.br\/progep\/cdp\/nucleo-de-capacitacao\/acoes-de-capacitacao\/\">AQUI!<\/a><\/strong><\/span><\/p>\n","protected":false},"excerpt":{"rendered":"<p>A Coordena\u00e7\u00e3o de Desenvolvimento de Pessoal informa que a Roda de conversa &#8220;Sa\u00fade da mulher: preven\u00e7\u00e3o nas diferentes faixas et\u00e1rias&#8221; ser\u00e1 realizada em nova data, em raz\u00e3o de problemas t\u00e9cnicos ocorridos na data de hoje. Servidores anteriormente inscritos est\u00e3o confirmados para o novo dia e receber\u00e3o instru\u00e7\u00f5es de acesso ao evento quando da homologa\u00e7\u00e3o. Assim, [&hellip;]<\/p>\n","protected":false},"author":21,"featured_media":0,"comment_status":"closed","ping_status":"closed","sticky":false,"template":"","format":"standard","meta":{"footnotes":""},"categories":[1],"tags":[],"class_list":["post-17011","post","type-post","status-publish","format-standard","hentry","category-noticias"],"jetpack_featured_media_url":"","_links":{"self":[{"href":"https:\/\/wp.ufpel.edu.br\/progep\/wp-json\/wp\/v2\/posts\/17011","targetHints":{"allow":["GET"]}}],"collection":[{"href":"https:\/\/wp.ufpel.edu.br\/progep\/wp-json\/wp\/v2\/posts"}],"about":[{"href":"https:\/\/wp.ufpel.edu.br\/progep\/wp-json\/wp\/v2\/types\/post"}],"author":[{"embeddable":true,"href":"https:\/\/wp.ufpel.edu.br\/progep\/wp-json\/wp\/v2\/users\/21"}],"replies":[{"embeddable":true,"href":"https:\/\/wp.ufpel.edu.br\/progep\/wp-json\/wp\/v2\/comments?post=17011"}],"version-history":[{"count":3,"href":"https:\/\/wp.ufpel.edu.br\/progep\/wp-json\/wp\/v2\/posts\/17011\/revisions"}],"predecessor-version":[{"id":17014,"href":"https:\/\/wp.ufpel.edu.br\/progep\/wp-json\/wp\/v2\/posts\/17011\/revisions\/17014"}],"wp:attachment":[{"href":"https:\/\/wp.ufpel.edu.br\/progep\/wp-json\/wp\/v2\/media?parent=17011"}],"wp:term":[{"taxonomy":"category","embeddable":true,"href":"https:\/\/wp.ufpel.edu.br\/progep\/wp-json\/wp\/v2\/categories?post=17011"},{"taxonomy":"post_tag","embeddable":true,"href":"https:\/\/wp.ufpel.edu.br\/progep\/wp-json\/wp\/v2\/tags?post=17011"}],"curies":[{"name":"wp","href":"https:\/\/api.w.org\/{rel}","templated":true}]}}