{"id":16983,"date":"2021-03-02T16:37:30","date_gmt":"2021-03-02T19:37:30","guid":{"rendered":"https:\/\/wp.ufpel.edu.br\/progep\/?p=16983"},"modified":"2022-09-26T21:07:58","modified_gmt":"2022-09-27T00:07:58","slug":"16983","status":"publish","type":"post","link":"https:\/\/wp.ufpel.edu.br\/progep\/2021\/03\/02\/16983\/","title":{"rendered":"Projeto Capacita na Web &#8211; Sa\u00fade da mulher: preven\u00e7\u00e3o nas diferentes faixas et\u00e1rias"},"content":{"rendered":"<p>No Dia Internacional da Mulher (8 de Mar\u00e7o) \u00e9\u00a0 importante falar sobre a sa\u00fade delas. A preven\u00e7\u00e3o e o diagn\u00f3stico precoce ainda s\u00e3o fatores determinantes nos cuidados com a sa\u00fade da mulher.<\/p>\n<p>Assim, iniciando a programa\u00e7\u00e3o do m\u00eas de mar\u00e7o do Projeto Capacita na Web, a Coordena\u00e7\u00e3o de Desenvolvimento de Pessoal (CDP) da Pr\u00f3-Reitoria de Gest\u00e3o de Pessoas (PROGEP) divulga a seguinte capacita\u00e7\u00e3o:<\/p>\n<p class=\"Texto_Justificado_Recuo_Primeira_Linha\"><strong>08\/03<\/strong>\u2013 14h (segunda-feira)<br \/>\n<strong>Roda de Conversa: Sa\u00fade da mulher: preven\u00e7\u00e3o nas diferentes faixas et\u00e1rias<\/strong><\/p>\n<p class=\"Texto_Justificado_Recuo_Primeira_Linha\">A roda de conversa abordar\u00e1 os cuidados com sa\u00fade da mulher e a import\u00e2ncia da preven\u00e7\u00e3o nas diferentes faixas et\u00e1rias. A a\u00e7\u00e3o de capacita\u00e7\u00e3o ser\u00e1 conduzida pela professora Lara Florio Real Loyola, da Faculdade de Medicina da UFPEL.<\/p>\n<p>Todas as informa\u00e7\u00f5es sobre a a\u00e7\u00e3o e o link para inscri\u00e7\u00f5es est\u00e3o dispon\u00edveis<span style=\"color: #ff6600\"><strong>\u00a0<a style=\"color: #ff6600\" href=\"https:\/\/wp.ufpel.edu.br\/progep\/cdp\/nucleo-de-capacitacao\/acoes-de-capacitacao\/\">AQUI!<\/a><\/strong><\/span><\/p>\n<p><a href=\"https:\/\/wp.ufpel.edu.br\/progep\/files\/2020\/11\/simbolo-acessivel-em-libras.jpg\"><img class=\"wp-image-16700 aligncenter\" src=\"https:\/\/wp.ufpel.edu.br\/progep\/files\/2020\/11\/simbolo-acessivel-em-libras-266x400.jpg\" alt=\"\" width=\"126\" height=\"189\" srcset=\"https:\/\/wp.ufpel.edu.br\/progep\/files\/2020\/11\/simbolo-acessivel-em-libras-266x400.jpg 266w, https:\/\/wp.ufpel.edu.br\/progep\/files\/2020\/11\/simbolo-acessivel-em-libras.jpg 469w\" sizes=\"(max-width: 126px) 100vw, 126px\" \/><\/a><\/p>\n","protected":false},"excerpt":{"rendered":"<p>No Dia Internacional da Mulher (8 de Mar\u00e7o) \u00e9\u00a0 importante falar sobre a sa\u00fade delas. A preven\u00e7\u00e3o e o diagn\u00f3stico precoce ainda s\u00e3o fatores determinantes nos cuidados com a sa\u00fade da mulher. Assim, iniciando a programa\u00e7\u00e3o do m\u00eas de mar\u00e7o do Projeto Capacita na Web, a Coordena\u00e7\u00e3o de Desenvolvimento de Pessoal (CDP) da Pr\u00f3-Reitoria de [&hellip;]<\/p>\n","protected":false},"author":21,"featured_media":0,"comment_status":"closed","ping_status":"closed","sticky":false,"template":"","format":"standard","meta":{"footnotes":""},"categories":[1],"tags":[],"class_list":["post-16983","post","type-post","status-publish","format-standard","hentry","category-noticias"],"jetpack_featured_media_url":"","_links":{"self":[{"href":"https:\/\/wp.ufpel.edu.br\/progep\/wp-json\/wp\/v2\/posts\/16983","targetHints":{"allow":["GET"]}}],"collection":[{"href":"https:\/\/wp.ufpel.edu.br\/progep\/wp-json\/wp\/v2\/posts"}],"about":[{"href":"https:\/\/wp.ufpel.edu.br\/progep\/wp-json\/wp\/v2\/types\/post"}],"author":[{"embeddable":true,"href":"https:\/\/wp.ufpel.edu.br\/progep\/wp-json\/wp\/v2\/users\/21"}],"replies":[{"embeddable":true,"href":"https:\/\/wp.ufpel.edu.br\/progep\/wp-json\/wp\/v2\/comments?post=16983"}],"version-history":[{"count":5,"href":"https:\/\/wp.ufpel.edu.br\/progep\/wp-json\/wp\/v2\/posts\/16983\/revisions"}],"predecessor-version":[{"id":16995,"href":"https:\/\/wp.ufpel.edu.br\/progep\/wp-json\/wp\/v2\/posts\/16983\/revisions\/16995"}],"wp:attachment":[{"href":"https:\/\/wp.ufpel.edu.br\/progep\/wp-json\/wp\/v2\/media?parent=16983"}],"wp:term":[{"taxonomy":"category","embeddable":true,"href":"https:\/\/wp.ufpel.edu.br\/progep\/wp-json\/wp\/v2\/categories?post=16983"},{"taxonomy":"post_tag","embeddable":true,"href":"https:\/\/wp.ufpel.edu.br\/progep\/wp-json\/wp\/v2\/tags?post=16983"}],"curies":[{"name":"wp","href":"https:\/\/api.w.org\/{rel}","templated":true}]}}