{"id":16813,"date":"2021-03-01T15:35:42","date_gmt":"2021-03-01T18:35:42","guid":{"rendered":"https:\/\/wp.ufpel.edu.br\/progep\/?p=16813"},"modified":"2022-09-26T21:11:21","modified_gmt":"2022-09-27T00:11:21","slug":"16813","status":"publish","type":"post","link":"https:\/\/wp.ufpel.edu.br\/progep\/2021\/03\/01\/16813\/","title":{"rendered":"FECHAMENTO DA FOLHA DE PAGAMENTO"},"content":{"rendered":"<p style=\"text-align: center\"><strong><span style=\"font-size: 18pt\">Abril de 2021<\/span><\/strong><\/p>\n<p style=\"text-align: center\"><span style=\"font-size: 14pt\">Processo SEI: 23110.008294\/2021-17<\/span><\/p>\n<p class=\"Texto_Justificado_Recuo_Primeira_Linha\" style=\"text-align: center\"><span style=\"font-size: 14pt\">Considerando o fechamento da folha de pagamento de\u00a0<strong>Abril<\/strong><b>\/2021\u00a0<\/b>em 19\u00a0de abril\u00a0de 2021, informamos que os documentos necess\u00e1rios para a implementa\u00e7\u00e3o de valores e\/ou altera\u00e7\u00f5es funcionais com repercuss\u00e3o no contracheque dos servidores (procedimentos sob a responsabilidade da Coordena\u00e7\u00e3o de Administra\u00e7\u00e3o de Pessoal &#8211;\u00a0<strong>N\u00facleo Financeiro<\/strong>), dever\u00e3o ser encaminhados atrav\u00e9s do Sistema Eletr\u00f4nico de Informa\u00e7\u00f5es (SEI) at\u00e9 o dia<b>\u00a012 de abril<\/b><b>\u00a0de 2021.\u00a0<\/b><\/span><\/p>\n<p class=\"Texto_Justificado_Recuo_Primeira_Linha\" style=\"text-align: center\"><span style=\"font-size: 14pt\">Ressaltamos que a Coordena\u00e7\u00e3o de Administra\u00e7\u00e3o de Pessoal n\u00e3o se comprometer\u00e1 pela inclus\u00e3o no Sistema Integrado de Administra\u00e7\u00e3o de Pessoal &#8211; SIAPE\u00a0das informa\u00e7\u00f5es aportadas ap\u00f3s esta data na folha de pagamento do m\u00eas corrente.<\/span><\/p>\n<p class=\"Texto_Justificado_Recuo_Primeira_Linha\" style=\"text-align: center\"><span style=\"font-size: 14pt\">As homologa\u00e7\u00f5es para f\u00e9rias com in\u00edcio da parcela no m\u00eas de maio\u00a0de 2021\u00a0dever\u00e3o ser realizadas at\u00e9 o dia 19\u00a0de abril\u00a0de 2021.<\/span><\/p>\n<p class=\"Texto_Justificado_Recuo_Primeira_Linha\" style=\"text-align: center\"><span style=\"font-size: 14pt\">Importa salientar que o boletim de\u00a0frequ\u00eancia da unidade\u00a0<strong>dever\u00e1 sempre<\/strong>\u00a0ser encaminhada ao N\u00facleo de Benef\u00edcios, atrav\u00e9s do SEI,\u00a0<strong>at\u00e9 o quinto dia \u00fatil<\/strong>\u00a0do m\u00eas subsequente, conforme\u00a0Memorando-Circular n\u00ba 1\/2018\/NUB\/CAP\/PROGEP\/REITORIA\u00a0<\/span><span><a class=\"ancoraSei\" href=\"https:\/\/sei.ufpel.edu.br\/sei\/controlador.php?acao=protocolo_visualizar&amp;id_protocolo=211363&amp;infra_sistema=100000100&amp;infra_unidade_atual=110000102&amp;infra_hash=224e3fd7328f3c344dce6d0ff2d1074f503d961b83a131e96aae1c6907675c6f\" target=\"_blank\" rel=\"noopener noreferrer\">0177421<\/a><\/span><span style=\"font-size: 14pt\">, observando as instru\u00e7\u00f5es\u00a0 contidas no\u00a0Memorando-Circular n\u00ba 1\/2020\/NUB\/CAP\/PROGEP\/REITORIA\u00a0<\/span><span><a class=\"ancoraSei\" href=\"https:\/\/sei.ufpel.edu.br\/sei\/controlador.php?acao=protocolo_visualizar&amp;id_protocolo=1055752&amp;infra_sistema=100000100&amp;infra_unidade_atual=110000102&amp;infra_hash=0311ed68b646f7024f87ff98c8083984f87767817e4a2da53c6896a5ae8cec06\" target=\"_blank\" rel=\"noopener noreferrer\">0921736<\/a><\/span><span style=\"font-size: 14pt\">.<\/span><\/p>\n<p class=\"Texto_Justificado_Recuo_Primeira_Linha\" style=\"text-align: center\"><span style=\"font-size: 14pt\">Ademais, informamos que na semana do encerramento da folha, esta Coordena\u00e7\u00e3o estar\u00e1 priorizando a execu\u00e7\u00e3o dos procedimentos necess\u00e1rios para o fechamento da mesma.<\/span><\/p>\n<p class=\"Texto_Justificado_Recuo_Primeira_Linha\" style=\"text-align: center\"><span style=\"font-size: 14pt\">Destacamos ainda que a pr\u00e9via do contracheque estar\u00e1 dispon\u00edvel para consulta no SIGEPE\u00a0no dia<strong>\u00a019\/04\/2021 (08h \u2013 19h).<\/strong><\/span><\/p>\n<p class=\"Texto_Justificado_Recuo_Primeira_Linha\" style=\"text-align: center\"><span style=\"font-size: 14pt\">Por fim, solicitamos ampla divulga\u00e7\u00e3o a todos os servidores de sua Unidade.\u00a0<\/span><\/p>\n<p>&nbsp;<\/p>\n<p class=\"Texto_Justificado_Recuo_Primeira_Linha\" style=\"text-align: center\"><span style=\"font-size: 12pt;font-family: georgia, palatino, serif\">Anderson Sim\u00f5es Uria<\/span><\/p>\n<p style=\"text-align: center\"><span style=\"font-size: 12pt\">Coordenador de Administra\u00e7\u00e3o de Pessoal<\/span><\/p>\n<p>&nbsp;<\/p>\n<p>Memorando Circular dispon\u00edvel em:<\/p>\n<p><a href=\"https:\/\/sei.ufpel.edu.br\/sei\/controlador.php?acao=procedimento_trabalhar&amp;acao_origem=protocolo_pesquisa_rapida&amp;id_protocolo=1412749&amp;infra_sistema=100000100&amp;infra_unidade_atual=110000102&amp;infra_hash=82f981200d4d00af23603be87f14d675333b668775593a5374e1f7b48908275b\" target=\"_blank\" rel=\"noopener noreferrer\">Memorando-Circular n\u00ba 2\/2021\/CAP\/PROGEP\/REITORIA<\/a><\/p>\n","protected":false},"excerpt":{"rendered":"<p>Abril de 2021 Processo SEI: 23110.008294\/2021-17 Considerando o fechamento da folha de pagamento de\u00a0Abril\/2021\u00a0em 19\u00a0de abril\u00a0de 2021, informamos que os documentos necess\u00e1rios para a implementa\u00e7\u00e3o de valores e\/ou altera\u00e7\u00f5es funcionais com repercuss\u00e3o no contracheque dos servidores (procedimentos sob a responsabilidade da Coordena\u00e7\u00e3o de Administra\u00e7\u00e3o de Pessoal &#8211;\u00a0N\u00facleo Financeiro), dever\u00e3o ser encaminhados atrav\u00e9s do Sistema Eletr\u00f4nico [&hellip;]<\/p>\n","protected":false},"author":52,"featured_media":0,"comment_status":"closed","ping_status":"closed","sticky":false,"template":"","format":"standard","meta":{"footnotes":""},"categories":[1],"tags":[],"class_list":["post-16813","post","type-post","status-publish","format-standard","hentry","category-noticias"],"jetpack_featured_media_url":"","_links":{"self":[{"href":"https:\/\/wp.ufpel.edu.br\/progep\/wp-json\/wp\/v2\/posts\/16813","targetHints":{"allow":["GET"]}}],"collection":[{"href":"https:\/\/wp.ufpel.edu.br\/progep\/wp-json\/wp\/v2\/posts"}],"about":[{"href":"https:\/\/wp.ufpel.edu.br\/progep\/wp-json\/wp\/v2\/types\/post"}],"author":[{"embeddable":true,"href":"https:\/\/wp.ufpel.edu.br\/progep\/wp-json\/wp\/v2\/users\/52"}],"replies":[{"embeddable":true,"href":"https:\/\/wp.ufpel.edu.br\/progep\/wp-json\/wp\/v2\/comments?post=16813"}],"version-history":[{"count":11,"href":"https:\/\/wp.ufpel.edu.br\/progep\/wp-json\/wp\/v2\/posts\/16813\/revisions"}],"predecessor-version":[{"id":17271,"href":"https:\/\/wp.ufpel.edu.br\/progep\/wp-json\/wp\/v2\/posts\/16813\/revisions\/17271"}],"wp:attachment":[{"href":"https:\/\/wp.ufpel.edu.br\/progep\/wp-json\/wp\/v2\/media?parent=16813"}],"wp:term":[{"taxonomy":"category","embeddable":true,"href":"https:\/\/wp.ufpel.edu.br\/progep\/wp-json\/wp\/v2\/categories?post=16813"},{"taxonomy":"post_tag","embeddable":true,"href":"https:\/\/wp.ufpel.edu.br\/progep\/wp-json\/wp\/v2\/tags?post=16813"}],"curies":[{"name":"wp","href":"https:\/\/api.w.org\/{rel}","templated":true}]}}