{"id":16546,"date":"2020-11-05T09:03:14","date_gmt":"2020-11-05T12:03:14","guid":{"rendered":"https:\/\/wp.ufpel.edu.br\/progep\/?p=16546"},"modified":"2020-11-05T14:35:44","modified_gmt":"2020-11-05T17:35:44","slug":"capacita-na-web-novas-acoes-mes-de-novembro","status":"publish","type":"post","link":"https:\/\/wp.ufpel.edu.br\/progep\/2020\/11\/05\/capacita-na-web-novas-acoes-mes-de-novembro\/","title":{"rendered":"Capacita na web &#8211; novas a\u00e7\u00f5es m\u00eas de Novembro"},"content":{"rendered":"<p class=\"Texto_Justificado_Recuo_Primeira_Linha\">A Coordena\u00e7\u00e3o de Desenvolvimento de Pessoal (CDP) da Pr\u00f3-Reitoria de Gest\u00e3o de Pessoas (PROGEP) divulga novas rodas de conversa, do\u00a0<strong>Projeto Capacita na Web<\/strong>, que ser\u00e3o realizadas no m\u00eas de novembro, s\u00e3o elas:<\/p>\n<p class=\"Texto_Justificado_Recuo_Primeira_Linha\"><span style=\"color: #ff6600\"><strong>11\/11<\/strong>&#8211;<\/span> 10h\u00a0 (quarta-feira)<br \/>\n<span style=\"color: #ff6600\"><strong>Roda de conversa: Outubro Rosa e Novembro Azul :\u00a0import\u00e2ncia da preven\u00e7\u00e3o<\/strong><\/span><\/p>\n<p class=\"Texto_Justificado_Recuo_Primeira_Linha\">O encontro sobre esses meses coloridos dizem respeito a mobiliza\u00e7\u00f5es mundiais para prevenir o c\u00e2ncer de mama e o c\u00e2ncer de pr\u00f3stata, funcionando como alertas para mulheres e homens. O tema ser\u00e1 abordado pelos m\u00e9dicos\u00a0Lu\u00eds Ol\u00edmpio Dias Jord\u00e3o e Josayres Armindo Buss Cecconi da UFPEL.<\/p>\n<p class=\"Texto_Justificado_Recuo_Primeira_Linha\"><strong><span style=\"color: #ff6600\">12\/11<\/span>\u00a0<\/strong>&#8211; 09h\u00a0 (quinta-feira)<br \/>\n<span style=\"color: #ff6600\"><strong>Roda de conversa: O Sistema Cobalto e a gest\u00e3o acad\u00eamica<\/strong><\/span><\/p>\n<p class=\"Texto_Justificado_Recuo_Primeira_Linha\">A roda de conversa abordar\u00e1 os processos que envolvem matr\u00edculas e os respectivos m\u00f3dulos do sistema acad\u00eamico, os processos que envolvem formatura e os respectivos m\u00f3dulos do sistema acad\u00eamico e ainda, os relat\u00f3rios \u2013 possibilidades de consultas relacionadas \u00e0s rotinas de colegiados. A a\u00e7\u00e3o de capacita\u00e7\u00e3o ser\u00e1 conduzida pelas servidoras T\u00e9cnico-Administrativas da Coordena\u00e7\u00e3o de Registros Acad\u00eamicos Emileni Tessmer e Cristina Bonow Rodrigues.<\/p>\n<p class=\"Texto_Justificado_Recuo_Primeira_Linha\">Todas as informa\u00e7\u00f5es sobre as capacita\u00e7\u00f5es\u00a0e o link para inscri\u00e7\u00e3o est\u00e3o dispon\u00edveis<strong>\u00a0<\/strong>em\u00a0<span style=\"color: #0000ff\"><a style=\"color: #0000ff\" href=\"https:\/\/wp.ufpel.edu.br\/progep\/cdp\/nucleo-de-capacitacao\/acoes-de-capacitacao\/\" target=\"_blank\" rel=\"noopener noreferrer\">https:\/\/wp.ufpel.edu.br\/progep\/cdp\/nucleo-de-capacitacao\/acoes-de-capacitacao\/<\/a><\/span><\/p>\n","protected":false},"excerpt":{"rendered":"<p>A Coordena\u00e7\u00e3o de Desenvolvimento de Pessoal (CDP) da Pr\u00f3-Reitoria de Gest\u00e3o de Pessoas (PROGEP) divulga novas rodas de conversa, do\u00a0Projeto Capacita na Web, que ser\u00e3o realizadas no m\u00eas de novembro, s\u00e3o elas: 11\/11&#8211; 10h\u00a0 (quarta-feira) Roda de conversa: Outubro Rosa e Novembro Azul :\u00a0import\u00e2ncia da preven\u00e7\u00e3o O encontro sobre esses meses coloridos dizem respeito a [&hellip;]<\/p>\n","protected":false},"author":21,"featured_media":0,"comment_status":"closed","ping_status":"closed","sticky":false,"template":"","format":"standard","meta":{"footnotes":""},"categories":[1],"tags":[],"class_list":["post-16546","post","type-post","status-publish","format-standard","hentry","category-noticias"],"jetpack_featured_media_url":"","_links":{"self":[{"href":"https:\/\/wp.ufpel.edu.br\/progep\/wp-json\/wp\/v2\/posts\/16546","targetHints":{"allow":["GET"]}}],"collection":[{"href":"https:\/\/wp.ufpel.edu.br\/progep\/wp-json\/wp\/v2\/posts"}],"about":[{"href":"https:\/\/wp.ufpel.edu.br\/progep\/wp-json\/wp\/v2\/types\/post"}],"author":[{"embeddable":true,"href":"https:\/\/wp.ufpel.edu.br\/progep\/wp-json\/wp\/v2\/users\/21"}],"replies":[{"embeddable":true,"href":"https:\/\/wp.ufpel.edu.br\/progep\/wp-json\/wp\/v2\/comments?post=16546"}],"version-history":[{"count":3,"href":"https:\/\/wp.ufpel.edu.br\/progep\/wp-json\/wp\/v2\/posts\/16546\/revisions"}],"predecessor-version":[{"id":16548,"href":"https:\/\/wp.ufpel.edu.br\/progep\/wp-json\/wp\/v2\/posts\/16546\/revisions\/16548"}],"wp:attachment":[{"href":"https:\/\/wp.ufpel.edu.br\/progep\/wp-json\/wp\/v2\/media?parent=16546"}],"wp:term":[{"taxonomy":"category","embeddable":true,"href":"https:\/\/wp.ufpel.edu.br\/progep\/wp-json\/wp\/v2\/categories?post=16546"},{"taxonomy":"post_tag","embeddable":true,"href":"https:\/\/wp.ufpel.edu.br\/progep\/wp-json\/wp\/v2\/tags?post=16546"}],"curies":[{"name":"wp","href":"https:\/\/api.w.org\/{rel}","templated":true}]}}