{"id":16521,"date":"2020-10-27T17:36:56","date_gmt":"2020-10-27T20:36:56","guid":{"rendered":"https:\/\/wp.ufpel.edu.br\/progep\/?p=16521"},"modified":"2021-01-28T00:42:27","modified_gmt":"2021-01-28T03:42:27","slug":"nova-roda-de-conversa-sobre-o-sistema-cobalto-e-a-gestao-academica","status":"publish","type":"post","link":"https:\/\/wp.ufpel.edu.br\/progep\/2020\/10\/27\/nova-roda-de-conversa-sobre-o-sistema-cobalto-e-a-gestao-academica\/","title":{"rendered":"Nova Roda de conversa sobre o Sistema Cobalto e a gest\u00e3o acad\u00eamica"},"content":{"rendered":"<p>A Coordena\u00e7\u00e3o de Desenvolvimento de Pessoal (CDP) da Pr\u00f3-Reitoria de Gest\u00e3o de Pessoas (PROGEP) divulga nova Roda de Conversa do Projeto Capacita na web:<\/p>\n<p class=\"Texto_Justificado_Recuo_Primeira_Linha\"><strong>12\/11<\/strong> \u2013 09h (quinta-feira)<br \/>\n<strong>O SISTEMA COBALTO E A GEST\u00c3O ACAD\u00caMICA<br \/>\n<\/strong>A roda de conversa abordar\u00e1 os Processos que envolvem matr\u00edculas e os respectivos m\u00f3dulos do sistema acad\u00eamico, os processos que envolvem formatura e os respectivos m\u00f3dulos do sistema acad\u00eamico e ainda, os relat\u00f3rios &#8211; possibilidades de consultas relacionadas \u00e0s rotinas de colegiados.<\/p>\n<p class=\"Texto_Justificado_Recuo_Primeira_Linha\">A a\u00e7\u00e3o de capacita\u00e7\u00e3o ser\u00e1 conduzida pelas servidoras T\u00e9cnico-Administrativas da Coordena\u00e7\u00e3o de Registros Acad\u00eamicos Emileni Tessmer e Cristina Bonow Rodrigues.<\/p>\n<p>Todas as informa\u00e7\u00f5es sobre as a\u00e7\u00f5es e o link para inscri\u00e7\u00f5es est\u00e3o dispon\u00edveis<strong>\u00a0<span style=\"color: #ff6600\"><a style=\"color: #ff6600\" href=\"https:\/\/wp.ufpel.edu.br\/progep\/cdp\/nucleo-de-capacitacao\/acoes-de-capacitacao\/\">AQUI!<\/a><\/span><\/strong><\/p>\n","protected":false},"excerpt":{"rendered":"<p>A Coordena\u00e7\u00e3o de Desenvolvimento de Pessoal (CDP) da Pr\u00f3-Reitoria de Gest\u00e3o de Pessoas (PROGEP) divulga nova Roda de Conversa do Projeto Capacita na web: 12\/11 \u2013 09h (quinta-feira) O SISTEMA COBALTO E A GEST\u00c3O ACAD\u00caMICA A roda de conversa abordar\u00e1 os Processos que envolvem matr\u00edculas e os respectivos m\u00f3dulos do sistema acad\u00eamico, os processos que [&hellip;]<\/p>\n","protected":false},"author":21,"featured_media":0,"comment_status":"closed","ping_status":"closed","sticky":false,"template":"","format":"standard","meta":{"footnotes":""},"categories":[1],"tags":[],"class_list":["post-16521","post","type-post","status-publish","format-standard","hentry","category-noticias"],"jetpack_featured_media_url":"","_links":{"self":[{"href":"https:\/\/wp.ufpel.edu.br\/progep\/wp-json\/wp\/v2\/posts\/16521","targetHints":{"allow":["GET"]}}],"collection":[{"href":"https:\/\/wp.ufpel.edu.br\/progep\/wp-json\/wp\/v2\/posts"}],"about":[{"href":"https:\/\/wp.ufpel.edu.br\/progep\/wp-json\/wp\/v2\/types\/post"}],"author":[{"embeddable":true,"href":"https:\/\/wp.ufpel.edu.br\/progep\/wp-json\/wp\/v2\/users\/21"}],"replies":[{"embeddable":true,"href":"https:\/\/wp.ufpel.edu.br\/progep\/wp-json\/wp\/v2\/comments?post=16521"}],"version-history":[{"count":1,"href":"https:\/\/wp.ufpel.edu.br\/progep\/wp-json\/wp\/v2\/posts\/16521\/revisions"}],"predecessor-version":[{"id":16522,"href":"https:\/\/wp.ufpel.edu.br\/progep\/wp-json\/wp\/v2\/posts\/16521\/revisions\/16522"}],"wp:attachment":[{"href":"https:\/\/wp.ufpel.edu.br\/progep\/wp-json\/wp\/v2\/media?parent=16521"}],"wp:term":[{"taxonomy":"category","embeddable":true,"href":"https:\/\/wp.ufpel.edu.br\/progep\/wp-json\/wp\/v2\/categories?post=16521"},{"taxonomy":"post_tag","embeddable":true,"href":"https:\/\/wp.ufpel.edu.br\/progep\/wp-json\/wp\/v2\/tags?post=16521"}],"curies":[{"name":"wp","href":"https:\/\/api.w.org\/{rel}","templated":true}]}}