{"id":16494,"date":"2020-10-22T17:07:34","date_gmt":"2020-10-22T20:07:34","guid":{"rendered":"https:\/\/wp.ufpel.edu.br\/progep\/?p=16494"},"modified":"2020-10-22T17:19:51","modified_gmt":"2020-10-22T20:19:51","slug":"cdp-recebe-solicitacoes-pelo-sistema-de-atendimento-da-ufpel","status":"publish","type":"post","link":"https:\/\/wp.ufpel.edu.br\/progep\/2020\/10\/22\/cdp-recebe-solicitacoes-pelo-sistema-de-atendimento-da-ufpel\/","title":{"rendered":"CDP recebe solicita\u00e7\u00f5es pelo Sistema de Atendimento da UFPel"},"content":{"rendered":"<p style=\"text-align: justify\">A Coordena\u00e7\u00e3o de Desenvolvimento de Pessoal (CDP), da Pr\u00f3-Reitoria de Gest\u00e3o de Pessoas (Progep), informa que est\u00e1 esclarecendo d\u00favidas atrav\u00e9s do <a href=\"https:\/\/atendimento.ufpel.edu.br\/\">Sistema de Atendimento da UFPel<\/a>.<\/p>\n<p style=\"text-align: justify\">Ao acessar o Sistema, basta escolher, no menu esquerdo, a op\u00e7\u00e3o \u201cGest\u00e3o de Pessoas\u201d. Depois, fazer login e selecionar o item \u201cGest\u00e3o de Pessoas \/ Desenvolvimento de Pessoal\u201d. A seguir, escolher nos t\u00f3picos o tema desejado.<\/p>\n","protected":false},"excerpt":{"rendered":"<p>A Coordena\u00e7\u00e3o de Desenvolvimento de Pessoal (CDP), da Pr\u00f3-Reitoria de Gest\u00e3o de Pessoas (Progep), informa que est\u00e1 esclarecendo d\u00favidas atrav\u00e9s do Sistema de Atendimento da UFPel. Ao acessar o Sistema, basta escolher, no menu esquerdo, a op\u00e7\u00e3o \u201cGest\u00e3o de Pessoas\u201d. Depois, fazer login e selecionar o item \u201cGest\u00e3o de Pessoas \/ Desenvolvimento de Pessoal\u201d. A [&hellip;]<\/p>\n","protected":false},"author":21,"featured_media":0,"comment_status":"closed","ping_status":"closed","sticky":false,"template":"","format":"standard","meta":{"footnotes":""},"categories":[1],"tags":[],"class_list":["post-16494","post","type-post","status-publish","format-standard","hentry","category-noticias"],"jetpack_featured_media_url":"","_links":{"self":[{"href":"https:\/\/wp.ufpel.edu.br\/progep\/wp-json\/wp\/v2\/posts\/16494","targetHints":{"allow":["GET"]}}],"collection":[{"href":"https:\/\/wp.ufpel.edu.br\/progep\/wp-json\/wp\/v2\/posts"}],"about":[{"href":"https:\/\/wp.ufpel.edu.br\/progep\/wp-json\/wp\/v2\/types\/post"}],"author":[{"embeddable":true,"href":"https:\/\/wp.ufpel.edu.br\/progep\/wp-json\/wp\/v2\/users\/21"}],"replies":[{"embeddable":true,"href":"https:\/\/wp.ufpel.edu.br\/progep\/wp-json\/wp\/v2\/comments?post=16494"}],"version-history":[{"count":2,"href":"https:\/\/wp.ufpel.edu.br\/progep\/wp-json\/wp\/v2\/posts\/16494\/revisions"}],"predecessor-version":[{"id":16500,"href":"https:\/\/wp.ufpel.edu.br\/progep\/wp-json\/wp\/v2\/posts\/16494\/revisions\/16500"}],"wp:attachment":[{"href":"https:\/\/wp.ufpel.edu.br\/progep\/wp-json\/wp\/v2\/media?parent=16494"}],"wp:term":[{"taxonomy":"category","embeddable":true,"href":"https:\/\/wp.ufpel.edu.br\/progep\/wp-json\/wp\/v2\/categories?post=16494"},{"taxonomy":"post_tag","embeddable":true,"href":"https:\/\/wp.ufpel.edu.br\/progep\/wp-json\/wp\/v2\/tags?post=16494"}],"curies":[{"name":"wp","href":"https:\/\/api.w.org\/{rel}","templated":true}]}}