{"id":16466,"date":"2020-10-20T09:57:30","date_gmt":"2020-10-20T12:57:30","guid":{"rendered":"https:\/\/wp.ufpel.edu.br\/progep\/?p=16466"},"modified":"2021-01-28T00:42:30","modified_gmt":"2021-01-28T03:42:30","slug":"16466","status":"publish","type":"post","link":"https:\/\/wp.ufpel.edu.br\/progep\/2020\/10\/20\/16466\/","title":{"rendered":"Capacita na web: Novas a\u00e7\u00f5es de capacita\u00e7\u00e3o!"},"content":{"rendered":"<p>A Coordena\u00e7\u00e3o de Desenvolvimento de Pessoal (CDP) da Pr\u00f3-Reitoria de Gest\u00e3o de Pessoas (PROGEP) informa que est\u00e3o abertas as inscri\u00e7\u00f5es para novas Rodas de Conversa do PROJETO CAPACITA NA WEB, que ser\u00e3o realizadas na plataforma Webconf da UFPel, s\u00e3o elas:<\/p>\n<p class=\"Texto_Justificado_Recuo_Primeira_Linha\"><strong>29\/10<\/strong>&#8211; 14 horas\u00a0 (quinta-feira)<\/p>\n<p style=\"text-align: justify\"><span style=\"color: #ff6600\"><strong>\u00a0Medita\u00e7\u00e3o como um espa\u00e7o de auto cuidado<br \/>\n<\/strong><\/span><span style=\"font-family: georgia, palatino, serif\">Nesse encontro vamos\u00a0\u00a0contemplar como nossos h\u00e1bitos emocionais se manifestam de momento a momento e a import\u00e2ncia em desenvolver presen\u00e7a mental para transform\u00e1-los e de desenvolver uma vida emocional saud\u00e1vel. O cuidado interno n\u00e3o deve ser negligenciado em fun\u00e7\u00e3o do chamamento do mundo. Quando colocamos \u00eanfase em alguns aspectos, deixamos de cuidar de outros terrenos das nossas vidas. Ao retornar para n\u00f3s, estamos nutrindo todas as partes que tiveram que depender do mundo para poder ser. Meditar \u00e9 sentir-se em casa, \u00e9 encontrar um lugar de conforto e quietude para viver. A a\u00e7\u00e3o ser\u00e1 conduzida pela T\u00e9cnica-administrativa da UFPEL Cristine Ramos Zimmer.<\/span><\/p>\n<p><strong>30\/10<\/strong>&#8211; 10 horas\u00a0 (sexta-feira)<\/p>\n<p style=\"text-align: justify\"><span style=\"color: #ff6600\"><strong>O saber e o fazer Extens\u00e3o na UFPel &#8211; di\u00e1logo sobre uma dimens\u00e3o formativa<br \/>\n<\/strong><\/span>O encontro pretende abordar os seguintes temas: Por que fazer Extens\u00e3o? &#8211; As diretrizes extensionistas; &#8211; O cadastro das atividades extensionistas na UFPel; &#8211; O acompanhamento das atividades extensionistas; &#8211; A integraliza\u00e7\u00e3o da Extens\u00e3o. A a\u00e7\u00e3o ser\u00e1 conduzida pela T\u00e9cnica-administrativa da UFPEL Ana Carolina Oliveira Nogueira.<\/p>\n<p>Todas as informa\u00e7\u00f5es sobre as a\u00e7\u00f5es e o link para inscri\u00e7\u00f5es est\u00e3o dispon\u00edveis <strong><span style=\"color: #ff6600\"><a style=\"color: #ff6600\" href=\"https:\/\/wp.ufpel.edu.br\/progep\/cdp\/nucleo-de-capacitacao\/acoes-de-capacitacao\/\">AQUI!<\/a><\/span><\/strong><\/p>\n","protected":false},"excerpt":{"rendered":"<p>A Coordena\u00e7\u00e3o de Desenvolvimento de Pessoal (CDP) da Pr\u00f3-Reitoria de Gest\u00e3o de Pessoas (PROGEP) informa que est\u00e3o abertas as inscri\u00e7\u00f5es para novas Rodas de Conversa do PROJETO CAPACITA NA WEB, que ser\u00e3o realizadas na plataforma Webconf da UFPel, s\u00e3o elas: 29\/10&#8211; 14 horas\u00a0 (quinta-feira) \u00a0Medita\u00e7\u00e3o como um espa\u00e7o de auto cuidado Nesse encontro vamos\u00a0\u00a0contemplar como [&hellip;]<\/p>\n","protected":false},"author":21,"featured_media":0,"comment_status":"closed","ping_status":"closed","sticky":false,"template":"","format":"standard","meta":{"footnotes":""},"categories":[1],"tags":[],"class_list":["post-16466","post","type-post","status-publish","format-standard","hentry","category-noticias"],"jetpack_featured_media_url":"","_links":{"self":[{"href":"https:\/\/wp.ufpel.edu.br\/progep\/wp-json\/wp\/v2\/posts\/16466","targetHints":{"allow":["GET"]}}],"collection":[{"href":"https:\/\/wp.ufpel.edu.br\/progep\/wp-json\/wp\/v2\/posts"}],"about":[{"href":"https:\/\/wp.ufpel.edu.br\/progep\/wp-json\/wp\/v2\/types\/post"}],"author":[{"embeddable":true,"href":"https:\/\/wp.ufpel.edu.br\/progep\/wp-json\/wp\/v2\/users\/21"}],"replies":[{"embeddable":true,"href":"https:\/\/wp.ufpel.edu.br\/progep\/wp-json\/wp\/v2\/comments?post=16466"}],"version-history":[{"count":3,"href":"https:\/\/wp.ufpel.edu.br\/progep\/wp-json\/wp\/v2\/posts\/16466\/revisions"}],"predecessor-version":[{"id":16835,"href":"https:\/\/wp.ufpel.edu.br\/progep\/wp-json\/wp\/v2\/posts\/16466\/revisions\/16835"}],"wp:attachment":[{"href":"https:\/\/wp.ufpel.edu.br\/progep\/wp-json\/wp\/v2\/media?parent=16466"}],"wp:term":[{"taxonomy":"category","embeddable":true,"href":"https:\/\/wp.ufpel.edu.br\/progep\/wp-json\/wp\/v2\/categories?post=16466"},{"taxonomy":"post_tag","embeddable":true,"href":"https:\/\/wp.ufpel.edu.br\/progep\/wp-json\/wp\/v2\/tags?post=16466"}],"curies":[{"name":"wp","href":"https:\/\/api.w.org\/{rel}","templated":true}]}}