{"id":16445,"date":"2020-10-21T15:39:32","date_gmt":"2020-10-21T18:39:32","guid":{"rendered":"https:\/\/wp.ufpel.edu.br\/progep\/?p=16445"},"modified":"2020-10-21T15:39:32","modified_gmt":"2020-10-21T18:39:32","slug":"dia-do-servidor-publico-rodas-de-conversa-sobre-autonomia-universitaria-e-reforma-administrativa","status":"publish","type":"post","link":"https:\/\/wp.ufpel.edu.br\/progep\/2020\/10\/21\/dia-do-servidor-publico-rodas-de-conversa-sobre-autonomia-universitaria-e-reforma-administrativa\/","title":{"rendered":"Dia do Servidor P\u00fablico &#8211; Rodas de conversa sobre Autonomia Universit\u00e1ria e Reforma Administrativa"},"content":{"rendered":"<div dir=\"auto\" style=\"text-align: justify\">A Coordena\u00e7\u00e3o de Desenvolvimento de Pessoal (CDP\/PROGEP) informa que o Dia do Servidor P\u00fablico na Universidade Federal de Pelotas ser\u00e1 marcado pelo debate urgente e necess\u00e1rio sobre dois temas que impactam a Universidade P\u00fablica e os servidores p\u00fablicos: os ataques \u00e0 Autonomia Universit\u00e1ria e a quest\u00e3o da Reforma Administrativa. Para isso, a UFPel est\u00e1 promovendo duas rodas de conversa no dia 28 de outubro, que ser\u00e3o transmitidas pelo Facebook da Universidade.<\/div>\n<div dir=\"auto\" style=\"text-align: justify\">A primeira, sobre a Autonomia Universit\u00e1ria, ser\u00e1 \u00e0s 10h e ter\u00e1 como convidados a professora Fabiane Tejada, do Centro de Artes (UFPel), a T\u00e9cnica-Administrativa em Educa\u00e7\u00e3o, Renata Vieira, Centro de Integra\u00e7\u00e3o do Mercosul (UFPel), e o professor Renato Della Vechia, da Universidade Cat\u00f3lica de Pelotas e do Instituto M\u00e1rio Alves.<\/div>\n<div dir=\"auto\" style=\"text-align: justify\">O tema da Reforma Administrativa ser\u00e1 tratado \u00e0s 16h do mesmo dia 28 de outubro e ter\u00e1 como convidados as professoras da UFPel Patr\u00edcia Cunha, do Instituto de Filosofia, Sociologia e Pol\u00edtica, e N\u00f3ris Leal, do Instituto de Ci\u00eancias Humanas, e a T\u00e9cnica-Administrativa em Educa\u00e7\u00e3o, da Pr\u00f3-Reitoria de Assuntos Estudantis (UFPel), Rosane Brand\u00e3o.<\/div>\n<div dir=\"auto\" style=\"text-align: justify\">O Reitor Pedro Hallal ser\u00e1 o mediador desses debates. De acordo com ele, este \u00e9 um momento muito delicado tanto para os servi\u00e7os como para os servidores p\u00fablicos e se faz muito necess\u00e1rio que esses temas sejam debatidos publicamente pelos servidores e pela sociedade. A autonomia da Universidade P\u00fablica e a defesa dos servidores p\u00fablicos s\u00e3o uma luta de todos para o bem da sociedade.<\/div>\n<div dir=\"auto\">A participa\u00e7\u00e3o de todos \u00e9 fundamental!<\/div>\n","protected":false},"excerpt":{"rendered":"<p>A Coordena\u00e7\u00e3o de Desenvolvimento de Pessoal (CDP\/PROGEP) informa que o Dia do Servidor P\u00fablico na Universidade Federal de Pelotas ser\u00e1 marcado pelo debate urgente e necess\u00e1rio sobre dois temas que impactam a Universidade P\u00fablica e os servidores p\u00fablicos: os ataques \u00e0 Autonomia Universit\u00e1ria e a quest\u00e3o da Reforma Administrativa. Para isso, a UFPel est\u00e1 promovendo [&hellip;]<\/p>\n","protected":false},"author":21,"featured_media":0,"comment_status":"closed","ping_status":"closed","sticky":false,"template":"","format":"standard","meta":{"footnotes":""},"categories":[1],"tags":[],"class_list":["post-16445","post","type-post","status-publish","format-standard","hentry","category-noticias"],"jetpack_featured_media_url":"","_links":{"self":[{"href":"https:\/\/wp.ufpel.edu.br\/progep\/wp-json\/wp\/v2\/posts\/16445","targetHints":{"allow":["GET"]}}],"collection":[{"href":"https:\/\/wp.ufpel.edu.br\/progep\/wp-json\/wp\/v2\/posts"}],"about":[{"href":"https:\/\/wp.ufpel.edu.br\/progep\/wp-json\/wp\/v2\/types\/post"}],"author":[{"embeddable":true,"href":"https:\/\/wp.ufpel.edu.br\/progep\/wp-json\/wp\/v2\/users\/21"}],"replies":[{"embeddable":true,"href":"https:\/\/wp.ufpel.edu.br\/progep\/wp-json\/wp\/v2\/comments?post=16445"}],"version-history":[{"count":2,"href":"https:\/\/wp.ufpel.edu.br\/progep\/wp-json\/wp\/v2\/posts\/16445\/revisions"}],"predecessor-version":[{"id":16485,"href":"https:\/\/wp.ufpel.edu.br\/progep\/wp-json\/wp\/v2\/posts\/16445\/revisions\/16485"}],"wp:attachment":[{"href":"https:\/\/wp.ufpel.edu.br\/progep\/wp-json\/wp\/v2\/media?parent=16445"}],"wp:term":[{"taxonomy":"category","embeddable":true,"href":"https:\/\/wp.ufpel.edu.br\/progep\/wp-json\/wp\/v2\/categories?post=16445"},{"taxonomy":"post_tag","embeddable":true,"href":"https:\/\/wp.ufpel.edu.br\/progep\/wp-json\/wp\/v2\/tags?post=16445"}],"curies":[{"name":"wp","href":"https:\/\/api.w.org\/{rel}","templated":true}]}}