{"id":16390,"date":"2020-10-08T15:28:19","date_gmt":"2020-10-08T18:28:19","guid":{"rendered":"https:\/\/wp.ufpel.edu.br\/progep\/?p=16390"},"modified":"2021-01-28T00:43:30","modified_gmt":"2021-01-28T03:43:30","slug":"16390","status":"publish","type":"post","link":"https:\/\/wp.ufpel.edu.br\/progep\/2020\/10\/08\/16390\/","title":{"rendered":"Capacita na web &#8211; Ensino remoto: possibilidades de sucesso nos processos de aprendizagem"},"content":{"rendered":"<p>A Coordena\u00e7\u00e3o de Desenvolvimento de Pessoal (CDP) da Pr\u00f3-Reitoria de Gest\u00e3o de Pessoas (PROGEP) divulga nova Roda de Conversa do PROJETO CAPACITA NA WEB:<\/p>\n<p class=\"Texto_Justificado_Recuo_Primeira_Linha\"><strong>22\/10<\/strong>\u2013 14h 30min (quinta-feira)<br \/>\n<strong>ENSINO REMOTO: POSSIBILIDADES DE SUCESSO NOS PROCESSOS DE APRENDIZAGEM<br \/>\n<\/strong>A roda de conversa abordar\u00e1 os recursos para o ensino na modalidade a dist\u00e2ncia, avalia\u00e7\u00f5es quantitativas e qualitativas, atividades s\u00edncronas e ass\u00edncronas. A a\u00e7\u00e3o de capacita\u00e7\u00e3o ser\u00e1 conduzida pela professora Cintia Avila Blank, do Centro de Letras e Comunica\u00e7\u00e3o, da UFPEL.<\/p>\n<p>Todas as informa\u00e7\u00f5es sobre as a\u00e7\u00f5es e o link para inscri\u00e7\u00f5es est\u00e3o dispon\u00edveis<strong>\u00a0<span style=\"color: #ff6600\"><a style=\"color: #ff6600\" href=\"https:\/\/wp.ufpel.edu.br\/progep\/cdp\/nucleo-de-capacitacao\/acoes-de-capacitacao\/\">AQUI!<\/a><\/span><\/strong><\/p>\n","protected":false},"excerpt":{"rendered":"<p>A Coordena\u00e7\u00e3o de Desenvolvimento de Pessoal (CDP) da Pr\u00f3-Reitoria de Gest\u00e3o de Pessoas (PROGEP) divulga nova Roda de Conversa do PROJETO CAPACITA NA WEB: 22\/10\u2013 14h 30min (quinta-feira) ENSINO REMOTO: POSSIBILIDADES DE SUCESSO NOS PROCESSOS DE APRENDIZAGEM A roda de conversa abordar\u00e1 os recursos para o ensino na modalidade a dist\u00e2ncia, avalia\u00e7\u00f5es quantitativas e qualitativas, [&hellip;]<\/p>\n","protected":false},"author":21,"featured_media":0,"comment_status":"closed","ping_status":"closed","sticky":false,"template":"","format":"standard","meta":{"footnotes":""},"categories":[1],"tags":[],"class_list":["post-16390","post","type-post","status-publish","format-standard","hentry","category-noticias"],"jetpack_featured_media_url":"","_links":{"self":[{"href":"https:\/\/wp.ufpel.edu.br\/progep\/wp-json\/wp\/v2\/posts\/16390","targetHints":{"allow":["GET"]}}],"collection":[{"href":"https:\/\/wp.ufpel.edu.br\/progep\/wp-json\/wp\/v2\/posts"}],"about":[{"href":"https:\/\/wp.ufpel.edu.br\/progep\/wp-json\/wp\/v2\/types\/post"}],"author":[{"embeddable":true,"href":"https:\/\/wp.ufpel.edu.br\/progep\/wp-json\/wp\/v2\/users\/21"}],"replies":[{"embeddable":true,"href":"https:\/\/wp.ufpel.edu.br\/progep\/wp-json\/wp\/v2\/comments?post=16390"}],"version-history":[{"count":3,"href":"https:\/\/wp.ufpel.edu.br\/progep\/wp-json\/wp\/v2\/posts\/16390\/revisions"}],"predecessor-version":[{"id":16393,"href":"https:\/\/wp.ufpel.edu.br\/progep\/wp-json\/wp\/v2\/posts\/16390\/revisions\/16393"}],"wp:attachment":[{"href":"https:\/\/wp.ufpel.edu.br\/progep\/wp-json\/wp\/v2\/media?parent=16390"}],"wp:term":[{"taxonomy":"category","embeddable":true,"href":"https:\/\/wp.ufpel.edu.br\/progep\/wp-json\/wp\/v2\/categories?post=16390"},{"taxonomy":"post_tag","embeddable":true,"href":"https:\/\/wp.ufpel.edu.br\/progep\/wp-json\/wp\/v2\/tags?post=16390"}],"curies":[{"name":"wp","href":"https:\/\/api.w.org\/{rel}","templated":true}]}}