{"id":16248,"date":"2020-09-21T17:15:27","date_gmt":"2020-09-21T20:15:27","guid":{"rendered":"https:\/\/wp.ufpel.edu.br\/progep\/?p=16248"},"modified":"2021-01-28T00:44:31","modified_gmt":"2021-01-28T03:44:31","slug":"capacita-na-web-programacao-novas-rodas-de-conversa-participem","status":"publish","type":"post","link":"https:\/\/wp.ufpel.edu.br\/progep\/2020\/09\/21\/capacita-na-web-programacao-novas-rodas-de-conversa-participem\/","title":{"rendered":"Capacita na web: Programa\u00e7\u00e3o novas rodas de conversa. Participem!"},"content":{"rendered":"<p>A Coordena\u00e7\u00e3o de Desenvolvimento de Pessoal (CDP) da Pr\u00f3-Reitoria de Gest\u00e3o de Pessoas (PROGEP) divulga novas Rodas de Conversa do PROJETO CAPACITA NA WEB, que ser\u00e3o realizadas no m\u00eas de outubro, s\u00e3o elas:<\/p>\n<p class=\"Texto_Justificado_Recuo_Primeira_Linha\" style=\"text-align: justify\"><strong>01\/10<\/strong>&#8211; 15h\u00a0 (quinta-feira)<br \/>\n<span style=\"color: #ff6600\"><strong>Sa\u00fade mental na &#8220;sociedade do cansa\u00e7o&#8221;: avaliando o cen\u00e1rio e encontrando formas de cuidado<br \/>\n<\/strong><\/span>A roda de conversa abordar\u00e1 a sociedade do cansa\u00e7o a partir das premissas de Byung- Chul Han; reflex\u00f5es sobre o desgaste ps\u00edquico no modo multitarefas; a sobreposi\u00e7\u00e3o de demandas no isolamento social; caminhos para cuidar da sa\u00fade mental nesse contexto, diante dos desafios da pandemia. A a\u00e7\u00e3o de desenvolvimento ser\u00e1 conduzida pela professora Giovana Fagundes Luczinski, do curso de Psicologia, da UFPEL.<\/p>\n<p style=\"text-align: justify\"><strong>07\/10 <\/strong>&#8211; 14h\u00a0 (quarta-feira)<br \/>\n<strong><span style=\"color: #ff6600\">Acessibilidade no Ensino Superior: tornando as aulas mais inclusivas<br \/>\n<\/span><\/strong><span style=\"color: #ff6600\"><span style=\"color: #000000\">Nesta conversa ser\u00e3o abordados aspectos gerais sobre as defici\u00eancias, relacionando os princ\u00edpios do Desenho Universal com o contexto da sala de aula. Discuss\u00e3o de algumas formas para acessibilizar o conte\u00fado ministrado, buscando incluir todos os alunos e suas singularidades. O encontro ser\u00e1 conduzido pela professora Desir\u00e9e Nobre Salasar, do Curso de Terapia Ocupacional, da UFPEL.<\/span><\/span><strong><span style=\"color: #ff6600\"><br \/>\n<\/span><\/strong><\/p>\n<p><strong>08\/10 <\/strong>&#8211; 09h\u00a0 (quinta-feira)<br \/>\n<span style=\"color: #ff6600\"><strong>Desmistificando a Gastronomia<\/strong><\/span><br \/>\n<span style=\"color: #000000\">O encontro gastron\u00f4mico conduzido pelo professor Alcides Gomes Neto, Curso Superior de Tecnologia em Gastronomia, tem por objetivo a aprendizagem das t\u00e9cnicas para preparo de Risotos, Carnes e Molhos.<\/span><\/p>\n<p><span style=\"color: #ff6600\"><span style=\"color: #000000\">Todas as informa\u00e7\u00f5es sobre as a\u00e7\u00f5es e o link para inscri\u00e7\u00f5es est\u00e3o dispon\u00edveis<\/span><\/span><strong><span style=\"color: #ff6600\"> <a style=\"color: #ff6600\" href=\"https:\/\/wp.ufpel.edu.br\/progep\/cdp\/nucleo-de-capacitacao\/acoes-de-capacitacao\/\">AQUI!<\/a><\/span><\/strong><\/p>\n","protected":false},"excerpt":{"rendered":"<p>A Coordena\u00e7\u00e3o de Desenvolvimento de Pessoal (CDP) da Pr\u00f3-Reitoria de Gest\u00e3o de Pessoas (PROGEP) divulga novas Rodas de Conversa do PROJETO CAPACITA NA WEB, que ser\u00e3o realizadas no m\u00eas de outubro, s\u00e3o elas: 01\/10&#8211; 15h\u00a0 (quinta-feira) Sa\u00fade mental na &#8220;sociedade do cansa\u00e7o&#8221;: avaliando o cen\u00e1rio e encontrando formas de cuidado A roda de conversa abordar\u00e1 [&hellip;]<\/p>\n","protected":false},"author":21,"featured_media":0,"comment_status":"closed","ping_status":"closed","sticky":false,"template":"","format":"standard","meta":{"footnotes":""},"categories":[1],"tags":[],"class_list":["post-16248","post","type-post","status-publish","format-standard","hentry","category-noticias"],"jetpack_featured_media_url":"","_links":{"self":[{"href":"https:\/\/wp.ufpel.edu.br\/progep\/wp-json\/wp\/v2\/posts\/16248","targetHints":{"allow":["GET"]}}],"collection":[{"href":"https:\/\/wp.ufpel.edu.br\/progep\/wp-json\/wp\/v2\/posts"}],"about":[{"href":"https:\/\/wp.ufpel.edu.br\/progep\/wp-json\/wp\/v2\/types\/post"}],"author":[{"embeddable":true,"href":"https:\/\/wp.ufpel.edu.br\/progep\/wp-json\/wp\/v2\/users\/21"}],"replies":[{"embeddable":true,"href":"https:\/\/wp.ufpel.edu.br\/progep\/wp-json\/wp\/v2\/comments?post=16248"}],"version-history":[{"count":2,"href":"https:\/\/wp.ufpel.edu.br\/progep\/wp-json\/wp\/v2\/posts\/16248\/revisions"}],"predecessor-version":[{"id":16260,"href":"https:\/\/wp.ufpel.edu.br\/progep\/wp-json\/wp\/v2\/posts\/16248\/revisions\/16260"}],"wp:attachment":[{"href":"https:\/\/wp.ufpel.edu.br\/progep\/wp-json\/wp\/v2\/media?parent=16248"}],"wp:term":[{"taxonomy":"category","embeddable":true,"href":"https:\/\/wp.ufpel.edu.br\/progep\/wp-json\/wp\/v2\/categories?post=16248"},{"taxonomy":"post_tag","embeddable":true,"href":"https:\/\/wp.ufpel.edu.br\/progep\/wp-json\/wp\/v2\/tags?post=16248"}],"curies":[{"name":"wp","href":"https:\/\/api.w.org\/{rel}","templated":true}]}}