{"id":16197,"date":"2020-09-15T14:03:49","date_gmt":"2020-09-15T17:03:49","guid":{"rendered":"https:\/\/wp.ufpel.edu.br\/progep\/?p=16197"},"modified":"2021-01-28T00:44:44","modified_gmt":"2021-01-28T03:44:44","slug":"capacita-na-web-setembro-azul","status":"publish","type":"post","link":"https:\/\/wp.ufpel.edu.br\/progep\/2020\/09\/15\/capacita-na-web-setembro-azul\/","title":{"rendered":"Capacita na web: Setembro Azul"},"content":{"rendered":"<p><img class=\"aligncenter size-full wp-image-16199\" src=\"https:\/\/wp.ufpel.edu.br\/progep\/files\/2020\/09\/WhatsApp-Image-2020-09-11-at-16.35.33.jpeg\" alt=\"\" width=\"780\" height=\"300\" srcset=\"https:\/\/wp.ufpel.edu.br\/progep\/files\/2020\/09\/WhatsApp-Image-2020-09-11-at-16.35.33.jpeg 780w, https:\/\/wp.ufpel.edu.br\/progep\/files\/2020\/09\/WhatsApp-Image-2020-09-11-at-16.35.33-400x154.jpeg 400w, https:\/\/wp.ufpel.edu.br\/progep\/files\/2020\/09\/WhatsApp-Image-2020-09-11-at-16.35.33-768x295.jpeg 768w\" sizes=\"(max-width: 780px) 100vw, 780px\" \/><\/p>\n<p style=\"text-align: justify\">O m\u00eas de setembro \u00e9 marcado por diversos eventos da comunidade surda, para comemorar as conquistas ap\u00f3s muitos anos de lutas por seus direitos.<\/p>\n<p style=\"text-align: justify\">O Setembro Azul \u00e9 o m\u00eas de muitas datas comemorativas para a Comunidade Surda, mas para termos uma sociedade mais inclusiva, a participa\u00e7\u00e3o precisa ser de todo mundo! Vamos quebrar essas barreiras juntos? Ent\u00e3o venham participar dos nossos eventos!<\/p>\n<p style=\"text-align: justify\"><strong>Dia 25 de setembro: Acessibilidade para surdos na UFPEL &#8211;<\/strong> Na roda de conversa ser\u00e3o abordadas estrat\u00e9gias t\u00e9cnicas e pedag\u00f3gicas para tornar a nossa Institui\u00e7\u00e3o mais acess\u00edvel aos surdos. Aproxima\u00e7\u00e3o com sujeito surdo, empatia, uso da l\u00edngua de sinais e comunica\u00e7\u00e3o visual para propiciar acessibilidade em todos os \u00e2mbitos da institui\u00e7\u00e3o.<\/p>\n<p style=\"text-align: justify\"><strong>Dia 30\u00a0 de setembro: Setembro Azul: qual \u00e9 o nosso papel no m\u00eas dos surdos? \u2013 <\/strong>O encontro tem o intuito de conversar sobre o que \u00e9 o Setembro Azul? Qual a import\u00e2ncia do Setembro Azul? Abordar os avan\u00e7os em rela\u00e7\u00e3o \u00e0 acessibilidade e os desafios ainda enfrentados. Possibilidades e visibilidade da comunidade surda.<\/p>\n<p>Todas as informa\u00e7\u00f5es sobre os eventos e o link para inscri\u00e7\u00f5es est\u00e3o dispon\u00edveis <span style=\"color: #ff6600\"><strong><a style=\"color: #ff6600\" href=\"https:\/\/wp.ufpel.edu.br\/progep\/cdp\/nucleo-de-capacitacao\/acoes-de-capacitacao\/\">AQUI!<\/a><\/strong><\/span><\/p>\n","protected":false},"excerpt":{"rendered":"<p>O m\u00eas de setembro \u00e9 marcado por diversos eventos da comunidade surda, para comemorar as conquistas ap\u00f3s muitos anos de lutas por seus direitos. O Setembro Azul \u00e9 o m\u00eas de muitas datas comemorativas para a Comunidade Surda, mas para termos uma sociedade mais inclusiva, a participa\u00e7\u00e3o precisa ser de todo mundo! Vamos quebrar essas [&hellip;]<\/p>\n","protected":false},"author":21,"featured_media":0,"comment_status":"closed","ping_status":"closed","sticky":false,"template":"","format":"standard","meta":{"footnotes":""},"categories":[1],"tags":[],"class_list":["post-16197","post","type-post","status-publish","format-standard","hentry","category-noticias"],"jetpack_featured_media_url":"","_links":{"self":[{"href":"https:\/\/wp.ufpel.edu.br\/progep\/wp-json\/wp\/v2\/posts\/16197","targetHints":{"allow":["GET"]}}],"collection":[{"href":"https:\/\/wp.ufpel.edu.br\/progep\/wp-json\/wp\/v2\/posts"}],"about":[{"href":"https:\/\/wp.ufpel.edu.br\/progep\/wp-json\/wp\/v2\/types\/post"}],"author":[{"embeddable":true,"href":"https:\/\/wp.ufpel.edu.br\/progep\/wp-json\/wp\/v2\/users\/21"}],"replies":[{"embeddable":true,"href":"https:\/\/wp.ufpel.edu.br\/progep\/wp-json\/wp\/v2\/comments?post=16197"}],"version-history":[{"count":14,"href":"https:\/\/wp.ufpel.edu.br\/progep\/wp-json\/wp\/v2\/posts\/16197\/revisions"}],"predecessor-version":[{"id":16224,"href":"https:\/\/wp.ufpel.edu.br\/progep\/wp-json\/wp\/v2\/posts\/16197\/revisions\/16224"}],"wp:attachment":[{"href":"https:\/\/wp.ufpel.edu.br\/progep\/wp-json\/wp\/v2\/media?parent=16197"}],"wp:term":[{"taxonomy":"category","embeddable":true,"href":"https:\/\/wp.ufpel.edu.br\/progep\/wp-json\/wp\/v2\/categories?post=16197"},{"taxonomy":"post_tag","embeddable":true,"href":"https:\/\/wp.ufpel.edu.br\/progep\/wp-json\/wp\/v2\/tags?post=16197"}],"curies":[{"name":"wp","href":"https:\/\/api.w.org\/{rel}","templated":true}]}}