{"id":16187,"date":"2020-09-11T14:12:23","date_gmt":"2020-09-11T17:12:23","guid":{"rendered":"https:\/\/wp.ufpel.edu.br\/progep\/?p=16187"},"modified":"2020-09-11T14:12:23","modified_gmt":"2020-09-11T17:12:23","slug":"progressao-por-capacitacao-lista","status":"publish","type":"post","link":"https:\/\/wp.ufpel.edu.br\/progep\/2020\/09\/11\/progressao-por-capacitacao-lista\/","title":{"rendered":"Sua progress\u00e3o por capacita\u00e7\u00e3o est\u00e1 em dia?"},"content":{"rendered":"<p style=\"text-align: justify\">\u00a0 \u00a0Como forma de incentivar a capacita\u00e7\u00e3o dos servidores, a Coordena\u00e7\u00e3o de Desenvolvimento de Pessoal realizou consulta no sistema para verifica\u00e7\u00e3o se a Progress\u00e3o por Capacita\u00e7\u00e3o dos t\u00e9cnicos-administrativos estava atualizada.<\/p>\n<p style=\"text-align: justify\">\u00a0 \u00a0A progress\u00e3o por capacita\u00e7\u00e3o \u00e9 a mudan\u00e7a de n\u00edvel de capacita\u00e7\u00e3o que proporciona o aumento de 3,9% no sal\u00e1rio base do servidor a partir da apresenta\u00e7\u00e3o de certificados das a\u00e7\u00f5es de capacita\u00e7\u00e3o (cursos, oficinas, congressos, como participante), nas modalidades presencial ou EAD, realizadas desde a \u00faltima concess\u00e3o que sejam compat\u00edveis com o cargo ocupado, o ambiente organizacional e a carga hor\u00e1ria m\u00ednima de 20 horas.<\/p>\n<p style=\"text-align: justify\">\u00a0 \u00a0Veja se seu nome est\u00e1 na listagem de servidores com progress\u00e3o atrasada abaixo, acesse o <a href=\"https:\/\/wp.ufpel.edu.br\/progep\/cdp\/progressao-por-capacitacao-profissional-de-tecnico-administrativo\/\">site<\/a> para informa\u00e7\u00f5es sobre pedido e demais requisitos para concess\u00e3o, ou entre em contato pelo e-mail <a href=\"mailto:cdp.capacita@ufpel.edu.br\" target=\"_blank\" rel=\"noopener noreferrer\">cdp.capacita@ufpel.edu.br<\/a> ou pelos telefones 3284-3979\/3284-3980.<\/p>\n<p><a href=\"https:\/\/wp.ufpel.edu.br\/progep\/files\/2020\/09\/Progressoes-Atrasadas-Atrasados.pdf\">Lista de servidores com progress\u00f5es atrasadas<\/a><\/p>\n","protected":false},"excerpt":{"rendered":"<p>\u00a0 \u00a0Como forma de incentivar a capacita\u00e7\u00e3o dos servidores, a Coordena\u00e7\u00e3o de Desenvolvimento de Pessoal realizou consulta no sistema para verifica\u00e7\u00e3o se a Progress\u00e3o por Capacita\u00e7\u00e3o dos t\u00e9cnicos-administrativos estava atualizada. \u00a0 \u00a0A progress\u00e3o por capacita\u00e7\u00e3o \u00e9 a mudan\u00e7a de n\u00edvel de capacita\u00e7\u00e3o que proporciona o aumento de 3,9% no sal\u00e1rio base do servidor a partir [&hellip;]<\/p>\n","protected":false},"author":21,"featured_media":0,"comment_status":"closed","ping_status":"closed","sticky":false,"template":"","format":"standard","meta":{"footnotes":""},"categories":[1],"tags":[],"class_list":["post-16187","post","type-post","status-publish","format-standard","hentry","category-noticias"],"jetpack_featured_media_url":"","_links":{"self":[{"href":"https:\/\/wp.ufpel.edu.br\/progep\/wp-json\/wp\/v2\/posts\/16187","targetHints":{"allow":["GET"]}}],"collection":[{"href":"https:\/\/wp.ufpel.edu.br\/progep\/wp-json\/wp\/v2\/posts"}],"about":[{"href":"https:\/\/wp.ufpel.edu.br\/progep\/wp-json\/wp\/v2\/types\/post"}],"author":[{"embeddable":true,"href":"https:\/\/wp.ufpel.edu.br\/progep\/wp-json\/wp\/v2\/users\/21"}],"replies":[{"embeddable":true,"href":"https:\/\/wp.ufpel.edu.br\/progep\/wp-json\/wp\/v2\/comments?post=16187"}],"version-history":[{"count":4,"href":"https:\/\/wp.ufpel.edu.br\/progep\/wp-json\/wp\/v2\/posts\/16187\/revisions"}],"predecessor-version":[{"id":16196,"href":"https:\/\/wp.ufpel.edu.br\/progep\/wp-json\/wp\/v2\/posts\/16187\/revisions\/16196"}],"wp:attachment":[{"href":"https:\/\/wp.ufpel.edu.br\/progep\/wp-json\/wp\/v2\/media?parent=16187"}],"wp:term":[{"taxonomy":"category","embeddable":true,"href":"https:\/\/wp.ufpel.edu.br\/progep\/wp-json\/wp\/v2\/categories?post=16187"},{"taxonomy":"post_tag","embeddable":true,"href":"https:\/\/wp.ufpel.edu.br\/progep\/wp-json\/wp\/v2\/tags?post=16187"}],"curies":[{"name":"wp","href":"https:\/\/api.w.org\/{rel}","templated":true}]}}