{"id":16024,"date":"2020-08-26T14:38:49","date_gmt":"2020-08-26T17:38:49","guid":{"rendered":"https:\/\/wp.ufpel.edu.br\/progep\/?p=16024"},"modified":"2022-09-26T21:10:58","modified_gmt":"2022-09-27T00:10:58","slug":"novos-eventos-de-capacitacao-servidores-participem","status":"publish","type":"post","link":"https:\/\/wp.ufpel.edu.br\/progep\/2020\/08\/26\/novos-eventos-de-capacitacao-servidores-participem\/","title":{"rendered":"Novos eventos de capacita\u00e7\u00e3o. Servidores, participem!!"},"content":{"rendered":"<p class=\"Texto_Justificado_Recuo_Primeira_Linha\">A Coordena\u00e7\u00e3o de Desenvolvimento de Pessoal est\u00e1 promovendo novos eventos para servidores, na modalidade on-line. Vejam a programa\u00e7\u00e3o:<\/p>\n<p><span style=\"color: #ff6600\"><strong>Roda de Conversa: Sistema de Vota\u00e7\u00e3o Online na UFPEL<br \/>\n<\/strong><\/span>A a\u00e7\u00e3o ser\u00e1 realizada na Plataforma Webconf da UFPel e tem como objetivo apresentar o sistema Helios Voting, utilizado pra vota\u00e7\u00f5es online no \u00e2mbito da UFPEL. Ser\u00e3o abordadas as funcionalidades do sistema e os procedimentos para a realiza\u00e7\u00e3o de elei\u00e7\u00f5es no contexto desta Institui\u00e7\u00e3o.\u00a0 Os eventos ocorrer\u00e3o conforme cronograma abaixo:<\/p>\n<p><strong>Turma A &#8211; 09 de setembro de 2020<\/strong> (quarta-feira), das 14h30min \u00e0s 15h30min<br \/>\n<strong>Turma B &#8211;\u00a0 11 de setembro de 2020<\/strong> (sexta-feira), das 10h \u00e0s 11h<\/p>\n<p style=\"text-align: justify\"><span style=\"color: #ff6600\"><strong>Capacita\u00e7\u00e3o on-line de Servidores da UFPel no uso do sistema e-Aula<br \/>\n<\/strong><\/span>O curso ser\u00e1 realizado no per\u00edodo de <strong>14 de setembro <\/strong>\u00e0 <strong>02 de outubro 2020, <\/strong>na plataforma e-Aula com tutoria.Al\u00e9m disso, a capacita\u00e7\u00e3o ter\u00e1 encontros s\u00edncronos pela Webconf da UFPEL, nos dias dias <strong>15<\/strong>, <strong>22<\/strong> e <strong>29<\/strong> de setembro, das <strong>17 h \u00e0s 19h. <\/strong>Vagas limitadas.<\/p>\n<p>Todas as informa\u00e7\u00f5es sobre os eventos e o link para inscri\u00e7\u00f5es est\u00e3o dispon\u00edveis\u00a0<strong><span style=\"color: #ff6600\"><a style=\"color: #ff6600\" href=\"https:\/\/wp.ufpel.edu.br\/progep\/cdp\/nucleo-de-capacitacao\/acoes-de-capacitacao\/\">AQUI<\/a>!<\/span><\/strong><\/p>\n","protected":false},"excerpt":{"rendered":"<p>A Coordena\u00e7\u00e3o de Desenvolvimento de Pessoal est\u00e1 promovendo novos eventos para servidores, na modalidade on-line. Vejam a programa\u00e7\u00e3o: Roda de Conversa: Sistema de Vota\u00e7\u00e3o Online na UFPEL A a\u00e7\u00e3o ser\u00e1 realizada na Plataforma Webconf da UFPel e tem como objetivo apresentar o sistema Helios Voting, utilizado pra vota\u00e7\u00f5es online no \u00e2mbito da UFPEL. Ser\u00e3o abordadas [&hellip;]<\/p>\n","protected":false},"author":21,"featured_media":0,"comment_status":"closed","ping_status":"closed","sticky":false,"template":"","format":"standard","meta":{"footnotes":""},"categories":[1],"tags":[],"class_list":["post-16024","post","type-post","status-publish","format-standard","hentry","category-noticias"],"jetpack_featured_media_url":"","_links":{"self":[{"href":"https:\/\/wp.ufpel.edu.br\/progep\/wp-json\/wp\/v2\/posts\/16024","targetHints":{"allow":["GET"]}}],"collection":[{"href":"https:\/\/wp.ufpel.edu.br\/progep\/wp-json\/wp\/v2\/posts"}],"about":[{"href":"https:\/\/wp.ufpel.edu.br\/progep\/wp-json\/wp\/v2\/types\/post"}],"author":[{"embeddable":true,"href":"https:\/\/wp.ufpel.edu.br\/progep\/wp-json\/wp\/v2\/users\/21"}],"replies":[{"embeddable":true,"href":"https:\/\/wp.ufpel.edu.br\/progep\/wp-json\/wp\/v2\/comments?post=16024"}],"version-history":[{"count":6,"href":"https:\/\/wp.ufpel.edu.br\/progep\/wp-json\/wp\/v2\/posts\/16024\/revisions"}],"predecessor-version":[{"id":16048,"href":"https:\/\/wp.ufpel.edu.br\/progep\/wp-json\/wp\/v2\/posts\/16024\/revisions\/16048"}],"wp:attachment":[{"href":"https:\/\/wp.ufpel.edu.br\/progep\/wp-json\/wp\/v2\/media?parent=16024"}],"wp:term":[{"taxonomy":"category","embeddable":true,"href":"https:\/\/wp.ufpel.edu.br\/progep\/wp-json\/wp\/v2\/categories?post=16024"},{"taxonomy":"post_tag","embeddable":true,"href":"https:\/\/wp.ufpel.edu.br\/progep\/wp-json\/wp\/v2\/tags?post=16024"}],"curies":[{"name":"wp","href":"https:\/\/api.w.org\/{rel}","templated":true}]}}