{"id":15875,"date":"2020-08-10T18:24:06","date_gmt":"2020-08-10T21:24:06","guid":{"rendered":"https:\/\/wp.ufpel.edu.br\/progep\/?p=15875"},"modified":"2022-09-26T21:10:48","modified_gmt":"2022-09-27T00:10:48","slug":"novas-acoes-de-capacitacao-na-modalidade-on-line","status":"publish","type":"post","link":"https:\/\/wp.ufpel.edu.br\/progep\/2020\/08\/10\/novas-acoes-de-capacitacao-na-modalidade-on-line\/","title":{"rendered":"Novas a\u00e7\u00f5es de capacita\u00e7\u00e3o na modalidade on-line"},"content":{"rendered":"<p class=\"Texto_Justificado_Recuo_Primeira_Linha\">A Coordena\u00e7\u00e3o de Desenvolvimento de Pessoal est\u00e1 divulgando novos eventos\u00a0que ocorrer\u00e3o\u00a0no m\u00eas de agosto, atrav\u00e9s da Plataforma Webconf da UFPEL. Na programa\u00e7\u00e3o do Projeto Capacita na Web ser\u00e3o realizados os seguintes encontros:<\/p>\n<p class=\"Texto_Justificado_Recuo_Primeira_Linha\" style=\"text-align: justify\"><strong>Roda de Conversa &#8220;Patrim\u00f4nio constru\u00eddo da UFPel: ontem e hoje\u200b&#8221;<\/strong>: ser\u00e1 realizada\u200b<b>\u00a0<\/b>no dia<b>\u00a0<strong>18\/08\/2020<\/strong><\/b>\u00a0(ter\u00e7a-feira), das 15h \u00e0s 16h30min.\u00a0O objetivo desta a\u00e7\u00e3o ser\u00e1 um debate sobre o patrim\u00f4nio edificado da UFPel, abordando alguns pr\u00e9dios historicamente constru\u00eddos j\u00e1 com o objetivo educacional e os antigos espa\u00e7os industriais, de resid\u00eancia e de servi\u00e7os utilizados hoje para atividades acad\u00eamicas ou administrativas universit\u00e1rias. Esses pr\u00e9dios carregam uma densa hist\u00f3ria e mem\u00f3rias das pessoas que por eles passaram e passam.<\/p>\n<p class=\"Texto_Justificado_Recuo_Primeira_Linha\" style=\"text-align: justify\"><strong>Roda de Conversa &#8220;Sistema de atendimento UFPEL&#8221;<\/strong>: ser\u00e1 realizada no dia\u00a0<strong>21\/08\/2020<\/strong>\u00a0(sexta-feira), das 14h30min \u00e0s 15h30min.\u00a0 A a\u00e7\u00e3o abordar\u00e1<strong>\u00a0<\/strong>o novo modelo online de atendimento ao p\u00fablico interno e externo na UFPEL. Exposi\u00e7\u00e3o dos benef\u00edcios do uso de uma ferramenta de gest\u00e3o de atendimentos. An\u00e1lise do fluxo de a\u00e7\u00f5es poss\u00edveis no atendimento online. Demonstra\u00e7\u00e3o das principais funcionalidades do ambiente\u00a0<a href=\"https:\/\/atendimento.ufpel.edu.br\/\" target=\"_blank\" rel=\"noopener noreferrer\">https:\/\/atendimento.ufpel.edu.br<\/a>, tais como: base de conhecimento; registro das atividades (notas internas); estat\u00edsticas de atendimentos e relat\u00f3rios; respostas pr\u00e9-configuradas; busca avan\u00e7ada; encaminhamento de demandas entre unidades organizacionais. Rela\u00e7\u00e3o dos procedimentos relativos \u00e0 ades\u00e3o da ferramenta por parte das organiza\u00e7\u00f5es da UFPEL<strong>.<\/strong><\/p>\n<p class=\"Texto_Justificado_Recuo_Primeira_Linha\" style=\"text-align: justify\"><strong>Roda de Conversa &#8220;Educa\u00e7\u00e3o Nutricional:<\/strong>\u00a0<strong>Alimenta\u00e7\u00e3o saud\u00e1vel em tempos de pandemia<\/strong>&#8220;: ser\u00e1 realizada dia\u00a0<strong>26\/08\/2020<\/strong>\u00a0(quarta-feiras), das 16h \u00e0s 17h. Neste encontro\u00a0pretende-se promover a amplia\u00e7\u00e3o dos conhecimentos b\u00e1sicos sobre o que \u00e9 ter uma alimenta\u00e7\u00e3o adequada e saud\u00e1vel. Estimular pr\u00e1ticas alimentares e saud\u00e1veis para toda a popula\u00e7\u00e3o brasileira.<\/p>\n<p class=\"Texto_Justificado_Recuo_Primeira_Linha\" style=\"text-align: justify\">Al\u00e9m disso ser\u00e1 oportunizado aos servidores a seguinte capacita\u00e7\u00e3o:<\/p>\n<p class=\"Texto_Justificado_Recuo_Primeira_Linha\" style=\"text-align: justify\"><strong>Curso\u00a0<\/strong><b>\u201cYoga em movimento via web para servidores\u201d<\/b>: a a\u00e7\u00e3o que est\u00e1 sendo realizada em parceria com a <strong>Coordena\u00e7\u00e3o de Sa\u00fade e Qualidade de Vida<\/strong>, ser\u00e1 de <strong>21\/ 08 a 16\/10\/2020<\/strong>,<strong>\u00a0<\/strong>nas quartas e sextas-feiras. A a\u00e7\u00e3o tem por objetivo proporcionar a pr\u00e1tica do Yoga\u00a0 entre os servidores, desta forma, ser\u00e3o oportunizadas aulas semanais com dura\u00e7\u00e3o de 60 minutos, para pequenos grupos em formato s\u00edncrono, pela plataforma Webconf da UFPel. Para as pr\u00e1ticas propostas ser\u00e1 necess\u00e1rio\u00a0o uso de\u00a0<strong>c\u00e2meras ativadas<\/strong>. Vagas limitadas.<\/p>\n<p class=\"Texto_Justificado_Recuo_Primeira_Linha\">As inscri\u00e7\u00f5es e todas as informa\u00e7\u00f5es podem ser obtidas<strong> <span style=\"color: #ff6600\"><a style=\"color: #ff6600\" href=\"https:\/\/wp.ufpel.edu.br\/progep\/cdp\/nucleo-de-capacitacao\/acoes-de-capacitacao\/\">AQUI!\u00a0<\/a><\/span><\/strong><\/p>\n","protected":false},"excerpt":{"rendered":"<p>A Coordena\u00e7\u00e3o de Desenvolvimento de Pessoal est\u00e1 divulgando novos eventos\u00a0que ocorrer\u00e3o\u00a0no m\u00eas de agosto, atrav\u00e9s da Plataforma Webconf da UFPEL. Na programa\u00e7\u00e3o do Projeto Capacita na Web ser\u00e3o realizados os seguintes encontros: Roda de Conversa &#8220;Patrim\u00f4nio constru\u00eddo da UFPel: ontem e hoje\u200b&#8221;: ser\u00e1 realizada\u200b\u00a0no dia\u00a018\/08\/2020\u00a0(ter\u00e7a-feira), das 15h \u00e0s 16h30min.\u00a0O objetivo desta a\u00e7\u00e3o ser\u00e1 um debate [&hellip;]<\/p>\n","protected":false},"author":21,"featured_media":0,"comment_status":"closed","ping_status":"closed","sticky":false,"template":"","format":"standard","meta":{"footnotes":""},"categories":[1],"tags":[],"class_list":["post-15875","post","type-post","status-publish","format-standard","hentry","category-noticias"],"jetpack_featured_media_url":"","_links":{"self":[{"href":"https:\/\/wp.ufpel.edu.br\/progep\/wp-json\/wp\/v2\/posts\/15875","targetHints":{"allow":["GET"]}}],"collection":[{"href":"https:\/\/wp.ufpel.edu.br\/progep\/wp-json\/wp\/v2\/posts"}],"about":[{"href":"https:\/\/wp.ufpel.edu.br\/progep\/wp-json\/wp\/v2\/types\/post"}],"author":[{"embeddable":true,"href":"https:\/\/wp.ufpel.edu.br\/progep\/wp-json\/wp\/v2\/users\/21"}],"replies":[{"embeddable":true,"href":"https:\/\/wp.ufpel.edu.br\/progep\/wp-json\/wp\/v2\/comments?post=15875"}],"version-history":[{"count":6,"href":"https:\/\/wp.ufpel.edu.br\/progep\/wp-json\/wp\/v2\/posts\/15875\/revisions"}],"predecessor-version":[{"id":15927,"href":"https:\/\/wp.ufpel.edu.br\/progep\/wp-json\/wp\/v2\/posts\/15875\/revisions\/15927"}],"wp:attachment":[{"href":"https:\/\/wp.ufpel.edu.br\/progep\/wp-json\/wp\/v2\/media?parent=15875"}],"wp:term":[{"taxonomy":"category","embeddable":true,"href":"https:\/\/wp.ufpel.edu.br\/progep\/wp-json\/wp\/v2\/categories?post=15875"},{"taxonomy":"post_tag","embeddable":true,"href":"https:\/\/wp.ufpel.edu.br\/progep\/wp-json\/wp\/v2\/tags?post=15875"}],"curies":[{"name":"wp","href":"https:\/\/api.w.org\/{rel}","templated":true}]}}