{"id":15842,"date":"2020-08-07T17:33:51","date_gmt":"2020-08-07T20:33:51","guid":{"rendered":"https:\/\/wp.ufpel.edu.br\/progep\/?p=15842"},"modified":"2022-09-26T21:11:09","modified_gmt":"2022-09-27T00:11:09","slug":"capacita-na-web-patrimonio-construido-da-ufpel-ontem-e-hoje","status":"publish","type":"post","link":"https:\/\/wp.ufpel.edu.br\/progep\/2020\/08\/07\/capacita-na-web-patrimonio-construido-da-ufpel-ontem-e-hoje\/","title":{"rendered":"Capacita na web &#8211; Patrim\u00f4nio constru\u00eddo da UFPel: ontem e hoje"},"content":{"rendered":"<p style=\"text-align: justify\">A Coordena\u00e7\u00e3o de Desenvolvimento de Pessoal (CDP\/PROGEP) est\u00e1 promovendo, atrav\u00e9s do Projeto Capacita na Web, a Roda de conversa &#8220;<strong>Patrim\u00f4nio constru\u00eddo da UFPel: ontem e hoje&#8221;<\/strong>, que ser\u00e1 conduzida\u00a0 pela professoras Dalila M\u00fcller, da Faculdade de Administra\u00e7\u00e3o e de Turismo e Ana Mar\u00eda Sosa Gonz\u00e1lez, do Instituto de Ci\u00eancias Humanas.<\/p>\n<p style=\"text-align: justify\">O objetivo desta a\u00e7\u00e3o ser\u00e1 um debate sobre o patrim\u00f4nio edificado da UFPel, abordando alguns pr\u00e9dios historicamente constru\u00eddos j\u00e1 com o objetivo educacional e os antigos espa\u00e7os industriais, de resid\u00eancia e de servi\u00e7os utilizados hoje para atividades acad\u00eamicas ou administrativas universit\u00e1rias. Esses pr\u00e9dios carregam uma densa hist\u00f3ria e mem\u00f3rias das pessoas que por eles passaram e passam.<\/p>\n<p>Todas as informa\u00e7\u00f5es sobre os eventos e o links para inscri\u00e7\u00f5es est\u00e3o dispon\u00edveis<span style=\"color: #ff6600\"> <a style=\"color: #ff6600\" href=\"https:\/\/wp.ufpel.edu.br\/progep\/capacita-na-web-patrimonio-construido-da-ufpel-ontem-e-hoje\/\"><strong>AQUI<\/strong>!<\/a><\/span><\/p>\n","protected":false},"excerpt":{"rendered":"<p>A Coordena\u00e7\u00e3o de Desenvolvimento de Pessoal (CDP\/PROGEP) est\u00e1 promovendo, atrav\u00e9s do Projeto Capacita na Web, a Roda de conversa &#8220;Patrim\u00f4nio constru\u00eddo da UFPel: ontem e hoje&#8221;, que ser\u00e1 conduzida\u00a0 pela professoras Dalila M\u00fcller, da Faculdade de Administra\u00e7\u00e3o e de Turismo e Ana Mar\u00eda Sosa Gonz\u00e1lez, do Instituto de Ci\u00eancias Humanas. O objetivo desta a\u00e7\u00e3o ser\u00e1 [&hellip;]<\/p>\n","protected":false},"author":21,"featured_media":0,"comment_status":"closed","ping_status":"closed","sticky":false,"template":"","format":"standard","meta":{"footnotes":""},"categories":[1],"tags":[],"class_list":["post-15842","post","type-post","status-publish","format-standard","hentry","category-noticias"],"jetpack_featured_media_url":"","_links":{"self":[{"href":"https:\/\/wp.ufpel.edu.br\/progep\/wp-json\/wp\/v2\/posts\/15842","targetHints":{"allow":["GET"]}}],"collection":[{"href":"https:\/\/wp.ufpel.edu.br\/progep\/wp-json\/wp\/v2\/posts"}],"about":[{"href":"https:\/\/wp.ufpel.edu.br\/progep\/wp-json\/wp\/v2\/types\/post"}],"author":[{"embeddable":true,"href":"https:\/\/wp.ufpel.edu.br\/progep\/wp-json\/wp\/v2\/users\/21"}],"replies":[{"embeddable":true,"href":"https:\/\/wp.ufpel.edu.br\/progep\/wp-json\/wp\/v2\/comments?post=15842"}],"version-history":[{"count":1,"href":"https:\/\/wp.ufpel.edu.br\/progep\/wp-json\/wp\/v2\/posts\/15842\/revisions"}],"predecessor-version":[{"id":15843,"href":"https:\/\/wp.ufpel.edu.br\/progep\/wp-json\/wp\/v2\/posts\/15842\/revisions\/15843"}],"wp:attachment":[{"href":"https:\/\/wp.ufpel.edu.br\/progep\/wp-json\/wp\/v2\/media?parent=15842"}],"wp:term":[{"taxonomy":"category","embeddable":true,"href":"https:\/\/wp.ufpel.edu.br\/progep\/wp-json\/wp\/v2\/categories?post=15842"},{"taxonomy":"post_tag","embeddable":true,"href":"https:\/\/wp.ufpel.edu.br\/progep\/wp-json\/wp\/v2\/tags?post=15842"}],"curies":[{"name":"wp","href":"https:\/\/api.w.org\/{rel}","templated":true}]}}