{"id":15812,"date":"2020-08-04T15:03:41","date_gmt":"2020-08-04T18:03:41","guid":{"rendered":"https:\/\/wp.ufpel.edu.br\/progep\/?p=15812"},"modified":"2022-09-26T21:10:36","modified_gmt":"2022-09-27T00:10:36","slug":"prorrogadas-as-inscricoes-do-evento-conectar-se-a-partir-de-uma-experiencia-com-a-linguagem-teatral-turma-2","status":"publish","type":"post","link":"https:\/\/wp.ufpel.edu.br\/progep\/2020\/08\/04\/prorrogadas-as-inscricoes-do-evento-conectar-se-a-partir-de-uma-experiencia-com-a-linguagem-teatral-turma-2\/","title":{"rendered":"Capacita na web: &#8220;Conectar-se a partir de uma experi\u00eancia com a linguagem teatral&#8221; &#8211; Turma 2, inscri\u00e7\u00f5es prorrogadas."},"content":{"rendered":"<p style=\"text-align: justify\">A Coordena\u00e7\u00e3o de Desenvolvimento de Pessoal (CDP\/PROGEP) informa que foram prorrogadas at\u00e9 amanh\u00e3 dia <strong>05 de agosto<\/strong>, as inscri\u00e7\u00f5es para o evento <span style=\"color: #000000\"><strong>\u00a0\u201cConectar-se a partir de uma experi\u00eancia com a linguagem teatral\u201d &#8211; Turma 2.<\/strong><\/span><\/p>\n<p style=\"text-align: justify\">A a\u00e7\u00e3o que ser\u00e1 conduzida pela Prof\u00aa. Fabiane Tejada da Silveira, prev\u00ea atividades que permitam dar uma qualidade para a nova experi\u00eancia de rela\u00e7\u00e3o com o outro atrav\u00e9s da tela, neste momento que precisamos desenvolver o trabalho remoto.<\/p>\n<p>Venham experimentar possibilidades de despertar alguns sentidos para nossa express\u00e3o e comunica\u00e7\u00e3o!<\/p>\n<p>Todas as informa\u00e7\u00f5es sobre os eventos e o links para inscri\u00e7\u00f5es est\u00e3o dispon\u00edveis <span style=\"color: #ff6600\"><strong><a style=\"color: #ff6600\" href=\"https:\/\/wp.ufpel.edu.br\/progep\/capacita-na-web-conectar-se-a-partir-de-uma-experiencia-com-a-linguagem-teatral\/\">AQUI<\/a><\/strong>!<\/span><\/p>\n","protected":false},"excerpt":{"rendered":"<p>A Coordena\u00e7\u00e3o de Desenvolvimento de Pessoal (CDP\/PROGEP) informa que foram prorrogadas at\u00e9 amanh\u00e3 dia 05 de agosto, as inscri\u00e7\u00f5es para o evento \u00a0\u201cConectar-se a partir de uma experi\u00eancia com a linguagem teatral\u201d &#8211; Turma 2. A a\u00e7\u00e3o que ser\u00e1 conduzida pela Prof\u00aa. Fabiane Tejada da Silveira, prev\u00ea atividades que permitam dar uma qualidade para a [&hellip;]<\/p>\n","protected":false},"author":21,"featured_media":0,"comment_status":"closed","ping_status":"closed","sticky":false,"template":"","format":"standard","meta":{"footnotes":""},"categories":[1],"tags":[],"class_list":["post-15812","post","type-post","status-publish","format-standard","hentry","category-noticias"],"jetpack_featured_media_url":"","_links":{"self":[{"href":"https:\/\/wp.ufpel.edu.br\/progep\/wp-json\/wp\/v2\/posts\/15812","targetHints":{"allow":["GET"]}}],"collection":[{"href":"https:\/\/wp.ufpel.edu.br\/progep\/wp-json\/wp\/v2\/posts"}],"about":[{"href":"https:\/\/wp.ufpel.edu.br\/progep\/wp-json\/wp\/v2\/types\/post"}],"author":[{"embeddable":true,"href":"https:\/\/wp.ufpel.edu.br\/progep\/wp-json\/wp\/v2\/users\/21"}],"replies":[{"embeddable":true,"href":"https:\/\/wp.ufpel.edu.br\/progep\/wp-json\/wp\/v2\/comments?post=15812"}],"version-history":[{"count":4,"href":"https:\/\/wp.ufpel.edu.br\/progep\/wp-json\/wp\/v2\/posts\/15812\/revisions"}],"predecessor-version":[{"id":15817,"href":"https:\/\/wp.ufpel.edu.br\/progep\/wp-json\/wp\/v2\/posts\/15812\/revisions\/15817"}],"wp:attachment":[{"href":"https:\/\/wp.ufpel.edu.br\/progep\/wp-json\/wp\/v2\/media?parent=15812"}],"wp:term":[{"taxonomy":"category","embeddable":true,"href":"https:\/\/wp.ufpel.edu.br\/progep\/wp-json\/wp\/v2\/categories?post=15812"},{"taxonomy":"post_tag","embeddable":true,"href":"https:\/\/wp.ufpel.edu.br\/progep\/wp-json\/wp\/v2\/tags?post=15812"}],"curies":[{"name":"wp","href":"https:\/\/api.w.org\/{rel}","templated":true}]}}